{"id":1011,"date":"2020-10-30T08:53:55","date_gmt":"2020-10-30T08:53:55","guid":{"rendered":"https:\/\/www.prisjetimo.covermagazin.com\/?p=1011"},"modified":"2024-10-17T07:46:19","modified_gmt":"2024-10-17T07:46:19","slug":"blagdan-svih-svetih-i-dusni-dan","status":"publish","type":"post","link":"https:\/\/www.prisjetimo.covermagazin.com\/?p=1011","title":{"rendered":"Blagdan Svih svetih i Du\u0161ni dan"},"content":{"rendered":"<h3><a href=\"https:\/\/www.prisjetimo.covermagazin.com\/wp-content\/uploads\/2019\/10\/Blagdan-Svih-svetih-i-Du\u0161ni-dan-COVER.jpg\"><img loading=\"lazy\" decoding=\"async\" class=\"alignnone size-full wp-image-1135\" src=\"https:\/\/www.prisjetimo.covermagazin.com\/wp-content\/uploads\/2019\/10\/Blagdan-Svih-svetih-i-Du\u0161ni-dan-COVER.jpg\" alt=\"Blagdan Svih svetih i Du\u0161ni dan\" width=\"600\" height=\"400\" srcset=\"https:\/\/www.prisjetimo.covermagazin.com\/wp-content\/uploads\/2019\/10\/Blagdan-Svih-svetih-i-Du\u0161ni-dan-COVER.jpg 600w, https:\/\/www.prisjetimo.covermagazin.com\/wp-content\/uploads\/2019\/10\/Blagdan-Svih-svetih-i-Du\u0161ni-dan-COVER-300x200.jpg 300w, https:\/\/www.prisjetimo.covermagazin.com\/wp-content\/uploads\/2019\/10\/Blagdan-Svih-svetih-i-Du\u0161ni-dan-COVER-576x384.jpg 576w\" sizes=\"auto, (max-width: 600px) 100vw, 600px\" \/><\/a><\/h3>\n<h3>Blagdan Svih svetih i Du\u0161ni dan<\/h3>\n<p>Po kr\u0161\u0107anskoj tradiciji, koju prihva\u0107aju i mnogi nekr\u0161\u0107ani, dva dana u godini, 1. i 2. studenog vjernici se posebno sje\u0107aju i u duhu povezuju sa svojim pokojnicima: to su blagdan Svih svetih i Du\u0161ni dan. Ne tek uspomena, nego i zapretana vjera u prekogrobni \u017eivot i Bo\u017eju nagradu daje pravi smisao ovim danima i onomu \u0161to u njima \u010dinimo.<\/p>\n<p>&#8220;Pod izrazom &#8220;svi sveti&#8221;, ne misli se samo na osobe koje su slu\u017ebeno progla\u0161ene svetima. Mnogo je ve\u0107e mno\u0161tvo onih koji nisu stavljeni ni na oltar ni u kalendar, a u \u017eivotu su ostvarili velika djela ljubavi prema Bogu i bli\u017enjemu. Upravo te \u017eeli Crkva po\u010dastiti blagdanom Svih svetih. Takvih je zasigurno bilo i ima i u na\u0161oj blizini. Neupadljivi, zaboravljeni ljudi koji su savjesno obavljali svoj posao i du\u017enosti, \u010desto podnosili nepravde, pokorom i trpljenjem zadovoljili za svoje grijehe i svjedo\u010dili veliku po\u017ertvovnost: majke, o\u010devi, vrsni radnici svake ruke, lije\u010dnici, branitelji domovine i ljudi svih zanimanja&#8230;. svi oni pripadaju mno\u0161tvu svetih i njima je posve\u0107en blagdan Svih svetih. Crkva poziva sve ljude da ih se sjete, da im se zahvale i preporu\u010de. To je prvi smisao posjeta grobovima.<\/p>\n<p>Dana\u0161nje generacije su navikle blagdan Svih svetih zvati &#8220;danom mrtvih&#8221;, \u0161to je neto\u010dno! iz upravo iznesena sadr\u017eaja ovog blagdana. Nije to\u010dno ni s obzirom na vjernike, jer je kr\u0161\u0107anska poruka da smrt nije kraj, nego samo prijelaz, &#8220;most&#8221;, mu\u010dno ra\u0111anje u novi \u017eivot, \u017eivot s Bogom &#8220;o\u010di u o\u010di&#8221;.<\/p>\n<p>Pro\u0161lost, sada\u0161njost i budu\u0107nost &#8211; ove tri stvarnosti pro\u017eimaju na\u0161e ljudsko iskustvo vremena i povijesti. Pro\u0161lost je nepovratna, sada\u0161njost nam izmi\u010de izme\u0111u prstiju, budu\u0107nost nedogledno otvorena. Cjelini \u017eivota pripadaju sva tri vremena. Sje\u0107anja na one koji su oti\u0161li s ovoga svijeta i misao na neupitnu isto takovu stvarnost za svakoga od nas \u017eivu\u0107ega, stavlja uvijek iznova postavljano pitanje: \u010demu i \u0161to je na\u0161a egzistencija?<\/p>\n<p>Svaki dan vi\u0161e ujedno je jedan dan manje. Umire djetinjstvo i ra\u0111a se mladost; umire mladost i dolazi starost.<\/p>\n<p>Dan svih svetih kao i Du\u0161ni dan trebali bi nas podsjetiti da jedanput propu\u0161teno ne da se vi\u0161e nadoknaditi. Prilika je prokockana, slavlje propu\u0161teno, vrata zaklju\u010dana. Svjetiljka \u017eivota ne gori vje\u010dno, moram se pobrinuti za ulje dobrih djela.<\/p>\n<p>Izvor: sveti-juraj.com<\/p>\n","protected":false},"excerpt":{"rendered":"<p>Blagdan Svih svetih i Du\u0161ni dan Po kr\u0161\u0107anskoj tradiciji, koju prihva\u0107aju i mnogi nekr\u0161\u0107ani, dva dana u godini, 1. i 2. studenog vjernici se posebno sje\u0107aju i u duhu povezuju sa svojim pokojnicima: to su blagdan Svih svetih i Du\u0161ni dan. Ne tek uspomena, nego i zapretana vjera u prekogrobni \u017eivot i Bo\u017eju nagradu daje [&hellip;]<\/p>\n","protected":false},"author":1,"featured_media":1135,"comment_status":"open","ping_status":"open","sticky":false,"template":"","format":"standard","meta":{"footnotes":""},"categories":[152,1],"tags":[],"class_list":["post-1011","post","type-post","status-publish","format-standard","has-post-thumbnail","hentry","category-dani-koje-obiljezavamo","category-prisjetimo_se"],"_links":{"self":[{"href":"https:\/\/www.prisjetimo.covermagazin.com\/index.php?rest_route=\/wp\/v2\/posts\/1011","targetHints":{"allow":["GET"]}}],"collection":[{"href":"https:\/\/www.prisjetimo.covermagazin.com\/index.php?rest_route=\/wp\/v2\/posts"}],"about":[{"href":"https:\/\/www.prisjetimo.covermagazin.com\/index.php?rest_route=\/wp\/v2\/types\/post"}],"author":[{"embeddable":true,"href":"https:\/\/www.prisjetimo.covermagazin.com\/index.php?rest_route=\/wp\/v2\/users\/1"}],"replies":[{"embeddable":true,"href":"https:\/\/www.prisjetimo.covermagazin.com\/index.php?rest_route=%2Fwp%2Fv2%2Fcomments&post=1011"}],"version-history":[{"count":3,"href":"https:\/\/www.prisjetimo.covermagazin.com\/index.php?rest_route=\/wp\/v2\/posts\/1011\/revisions"}],"predecessor-version":[{"id":1939,"href":"https:\/\/www.prisjetimo.covermagazin.com\/index.php?rest_route=\/wp\/v2\/posts\/1011\/revisions\/1939"}],"wp:featuredmedia":[{"embeddable":true,"href":"https:\/\/www.prisjetimo.covermagazin.com\/index.php?rest_route=\/wp\/v2\/media\/1135"}],"wp:attachment":[{"href":"https:\/\/www.prisjetimo.covermagazin.com\/index.php?rest_route=%2Fwp%2Fv2%2Fmedia&parent=1011"}],"wp:term":[{"taxonomy":"category","embeddable":true,"href":"https:\/\/www.prisjetimo.covermagazin.com\/index.php?rest_route=%2Fwp%2Fv2%2Fcategories&post=1011"},{"taxonomy":"post_tag","embeddable":true,"href":"https:\/\/www.prisjetimo.covermagazin.com\/index.php?rest_route=%2Fwp%2Fv2%2Ftags&post=1011"}],"curies":[{"name":"wp","href":"https:\/\/api.w.org\/{rel}","templated":true}]}}