{"id":14,"date":"2010-02-10T16:05:16","date_gmt":"2010-02-10T16:05:16","guid":{"rendered":"http:\/\/www.prisjetimo.covermagazin.com\/?p=14"},"modified":"2024-10-16T09:11:05","modified_gmt":"2024-10-16T09:11:05","slug":"zagrebacka-spica-nekad","status":"publish","type":"post","link":"https:\/\/www.prisjetimo.covermagazin.com\/?p=14","title":{"rendered":"Zagreba\u010dka \u0161pica nekad"},"content":{"rendered":"<p><a href=\"http:\/\/www.prisjetimo.covermagazin.com\/wp-content\/uploads\/2010\/02\/zagrebacka_spica.jpg\"><img loading=\"lazy\" decoding=\"async\" class=\"alignnone size-full wp-image-15\" title=\"zagrebacka_spica\" src=\"http:\/\/www.prisjetimo.covermagazin.com\/wp-content\/uploads\/2010\/02\/zagrebacka_spica.jpg\" alt=\"\" width=\"120\" height=\"120\" \/><\/a><\/p>\n<h3><strong>Zagreba\u010dka \u0161pica nekad<\/strong><\/h3>\n<p>I na samu spomen zagreba\u010dke \u0161pice di\u017ee vam se kosa na glavi?! <strong>Ona je nekad<\/strong> (i ne tako davno) <strong>bila ne\u0161to sasvim drugo<\/strong>&#8230;<\/p>\n<p>24.01. <strong>1975<\/strong>. novinar <strong>Tihomir Le\u0161i\u0107 opisao je zagreba\u010dku \u0161picu<\/strong> ovako:<\/p>\n<p><em>U Zagrebu postoji &#8220;\u0161pica&#8221;. To je onaj ugao Trga Republike i Gajeve ulice. I to je jedinstvena institucija na svijetu. To nije &#8220;Hajd park&#8221;.\u00a0 To vam je jedan ugao ispunjen ljudima, na kojem se Bosanac sva\u0111a s Dalmatincem: ko igra bolji fudbal. Tu se toliko sva\u0111a, prepire, nadmudruje i doska\u010de. Tu pr\u0161te ideje na sve strane. Tu se postavljaju i smjenjuju savezni kapetani i prori\u010du rezultati. Tu bi pravnici trebali da do\u0111u na prakti\u010dan \u010das retorike, jer je svaki \u010dovjek sa \u0161pice mali Ciceron.\u00a0 Onaj tko ne poznaje du\u0161u \u0161pice, onaj tko i sam na njoj nije probdio duga predve\u010derja, taj bi mogao pomisliti kako \u0107e se momci dohvatiti za vratove.<\/em><\/p>\n<p><em>Ne, to se nikad na \u0161pici nije desilo.\u00a0 Tamo ljudi dueliraju s idejama. Oni naj\u010de\u0161\u0107e ne znaju ni jedan drugome ime, ali to na ovom uglu nije ni potrebno. Tu nije va\u017eno tko je tko, ve\u0107 je va\u017eno \u0161to ima da ka\u017ee. Totalna demokracija.\u00a0 [&#8230;] <\/em><\/p>\n<p><em>Tu se bolje saznaje politi\u010dka i ekonomska situacija nego iz svih referata. Tu profesorica univerziteta duelira sa seljankom Jal\u017eom, ili Barom, i ni jedna ne\u0107e popustiti. [&#8230;] <\/em><\/p>\n<p><em>Svoju ophodnju ovim gradom ja \u010dinim pje\u0161ke. Tako mu se najljep\u0161e osjeti du\u0161a: i ona usnula na Gornjem gradu, i ona \u0161to se tiska vje\u010dno tijesnom Ilicom, a i ona \u0161to tek nastaje, tamo preko Save, to jest ja vjerujem da \u0107e nastati. Ja vjerujem u ovaj grad.<\/em><\/p>\n<p>Tihomir Le\u0161i\u0107,<em> Zagreba\u010dka ophodnja, Svijet, <\/em>24.01.1975.<\/p>\n","protected":false},"excerpt":{"rendered":"<p>I na samu spomen zagreba\u010dke \u0161pice di\u017ee vam se kosa na glavi?! Ona je nekad (i ne tako davno) bila ne\u0161to sasvim drugo&#8230;<\/p>\n","protected":false},"author":1,"featured_media":0,"comment_status":"open","ping_status":"open","sticky":false,"template":"","format":"standard","meta":{"footnotes":""},"categories":[157,1],"tags":[],"class_list":["post-14","post","type-post","status-publish","format-standard","hentry","category-mitovi-i-povijest","category-prisjetimo_se"],"_links":{"self":[{"href":"https:\/\/www.prisjetimo.covermagazin.com\/index.php?rest_route=\/wp\/v2\/posts\/14","targetHints":{"allow":["GET"]}}],"collection":[{"href":"https:\/\/www.prisjetimo.covermagazin.com\/index.php?rest_route=\/wp\/v2\/posts"}],"about":[{"href":"https:\/\/www.prisjetimo.covermagazin.com\/index.php?rest_route=\/wp\/v2\/types\/post"}],"author":[{"embeddable":true,"href":"https:\/\/www.prisjetimo.covermagazin.com\/index.php?rest_route=\/wp\/v2\/users\/1"}],"replies":[{"embeddable":true,"href":"https:\/\/www.prisjetimo.covermagazin.com\/index.php?rest_route=%2Fwp%2Fv2%2Fcomments&post=14"}],"version-history":[{"count":2,"href":"https:\/\/www.prisjetimo.covermagazin.com\/index.php?rest_route=\/wp\/v2\/posts\/14\/revisions"}],"predecessor-version":[{"id":321,"href":"https:\/\/www.prisjetimo.covermagazin.com\/index.php?rest_route=\/wp\/v2\/posts\/14\/revisions\/321"}],"wp:attachment":[{"href":"https:\/\/www.prisjetimo.covermagazin.com\/index.php?rest_route=%2Fwp%2Fv2%2Fmedia&parent=14"}],"wp:term":[{"taxonomy":"category","embeddable":true,"href":"https:\/\/www.prisjetimo.covermagazin.com\/index.php?rest_route=%2Fwp%2Fv2%2Fcategories&post=14"},{"taxonomy":"post_tag","embeddable":true,"href":"https:\/\/www.prisjetimo.covermagazin.com\/index.php?rest_route=%2Fwp%2Fv2%2Ftags&post=14"}],"curies":[{"name":"wp","href":"https:\/\/api.w.org\/{rel}","templated":true}]}}