{"id":1485,"date":"2024-09-16T08:22:16","date_gmt":"2024-09-16T08:22:16","guid":{"rendered":"https:\/\/www.prisjetimo.covermagazin.com\/?p=1485"},"modified":"2024-10-16T09:13:54","modified_gmt":"2024-10-16T09:13:54","slug":"kad-pocinje-ljeto-2022","status":"publish","type":"post","link":"https:\/\/www.prisjetimo.covermagazin.com\/?p=1485","title":{"rendered":"Kad po\u010dinje ljeto 2025."},"content":{"rendered":"\n<figure class=\"wp-block-image size-full\"><a href=\"https:\/\/www.prisjetimo.covermagazin.com\/wp-content\/uploads\/2022\/05\/kad-pocinje-ljeto-cover.jpg\"><img loading=\"lazy\" decoding=\"async\" width=\"600\" height=\"401\" src=\"https:\/\/www.prisjetimo.covermagazin.com\/wp-content\/uploads\/2022\/05\/kad-pocinje-ljeto-cover.jpg\" alt=\"\" class=\"wp-image-1486\" srcset=\"https:\/\/www.prisjetimo.covermagazin.com\/wp-content\/uploads\/2022\/05\/kad-pocinje-ljeto-cover.jpg 600w, https:\/\/www.prisjetimo.covermagazin.com\/wp-content\/uploads\/2022\/05\/kad-pocinje-ljeto-cover-300x201.jpg 300w\" sizes=\"auto, (max-width: 600px) 100vw, 600px\" \/><\/a><\/figure>\n\n\n\n<h2 class=\"wp-block-heading\">Kad po\u010dinje ljeto 2025.<\/h2>\n\n\n\n<p>Prvim danom ljeta se slu\u017ebeno smatra dan ljetnog solsticija, koji obi\u010dno pada izme\u0111u 20. lipnja i 23. lipnja. 2024. godine ljeto je po\u010delo 20.06., a <strong>2025. ljeto po\u010dinje 21. lipnja<\/strong>. Kako se Zemlja okre\u0107e oko Sunca, ali i oko svoje osi njen polo\u017eaj u odre\u0111enom trenutku u odnosu na sunce definira godi\u0161nja doba.<\/p>\n\n\n\n<p class=\"has-green-background-color has-background\"><strong>Ljeto po\u010dinje 21. lipnja 2025.<\/strong><\/p>\n\n\n\n<p>Meteorolo\u0161ki, gledano prema temperaturi ljeto po\u010dinje tri tjedna ranije, po\u010detkom lipnja, pa se tri ljetna mjeseca smatraju lipanj, srpanj i kolovoz, iako kalendarski ve\u0107i dio rujna nego lipnja pripada ljetnom godi\u0161njem dobu. I dok se mnogi zala\u017eu kako bi zapravo godi\u0161nja doba i trebalo ra\u010dunati prema vremenskim prilikama i posti\u0107i da se poklapaju to\u010dno s mjesecima, za sada se jo\u0161 uvijek slu\u017ebeno godi\u0161nja doba ra\u010dunaju astronomski, prema zimskom i ljetnom solsticiju i ekvinociju.<\/p>\n\n\n\n<h3 class=\"wp-block-heading\">\u010cetiri godi\u0161nja doba<\/h3>\n\n\n\n<p>Jedna godina podijeljena je u 4 godi\u0161nja doba: prolje\u0107e, ljeto, jesen i zimu. Budu\u0107i da godina ima 12 mjeseci svakom godi\u0161njem dobu pripada oko 3 mjeseca. Ali ne cijela mjeseca. Godi\u0161nja doba definirana su prema polo\u017eaju Zemlje u odnosu na Sunce, odnosno datumima ekvinocija i solsticija. Ekvinocij i solistici ozna\u010davaju po\u010detak i zavr\u0161etak pojedinog godi\u0161njeg doba.<\/p>\n\n\n\n<p><strong>Slu\u017ebena godi\u0161nja doba<\/strong><\/p>\n\n\n\n<p>Slu\u017ebeno svako godi\u0161nje doba je definirano ekvinocijem i solsticijem.<\/p>\n\n\n\n<ul class=\"wp-block-list\">\n<li>Prolje\u0107e po\u010dinje na dan proljetnog ekvinocija (proljetne ravnodnevnice).<\/li>\n\n\n\n<li>Ljeto po\u010dinje na dan ljetnog solsticija (dan kada je svijetli dio dana najdu\u017ei).<\/li>\n\n\n\n<li>Jesen po\u010dinje na dan jesenskog ekvinocija (jesenske ravnodnevnice)<\/li>\n\n\n\n<li>Zima po\u010dinje na dan zimskog solsticija (dan kada je tamni dio dana, no\u0107, najdu\u017ea).<\/li>\n<\/ul>\n\n\n\n<p>Ljetni solsticij \u0107e biti 20. lipnja, oko 11 sati uve\u010der i tad slu\u017ebeno zapo\u010dinje ljeto.<\/p>\n\n\n\n<h3 class=\"wp-block-heading\">Kad ljeto zavr\u0161ava<\/h3>\n\n\n\n<p>Na sjevernoj polutci Zemljine hemisfere, rujanski ili jesenski ekvinocij ozna\u010dava kraj ljeta i po\u010detak jeseni. Nakon jesenskog ekvinocija, Sjeverni pol po\u010dinje se naginjati od sunca, \u010dime zapo\u010dinje sezona du\u017eih no\u0107i i kra\u0107ih dana. Ove godine jesenski ekvinocij je u rujnu, 22.  rujna, \u0161to zna\u010di da tada zavr\u0161ava ljeto i po\u010dinje jesen.<\/p>\n\n\n\n<h3 class=\"wp-block-heading\">Meteorolo\u0161ka godi\u0161nja doba <\/h3>\n\n\n\n<p>Ova metoda ra\u010dunanja godi\u0161njih doba nije slu\u017ebena, ali se \u010desto koristi u kolokvijalnom govoru. Proljetnim mjesecima se smatraju o\u017eujak, travanj i svibanj, ljetnim mjesecima se smatraju lipanj, srpanj i kolovoz, jesenskim mjesecima se smatraju rujan, listopad i studeni, a zimskim mjesecima prosinac, sije\u010danj i velja\u010da.<\/p>\n\n\n\n<p>Treba uzeti u obzir kada govorimo da ljeto po\u010dinje, podrazumijevamo ljeto u na\u0161em dijelu Zemlje, odnosno sjevernoj polutci. U Australiji i Novom Zelandu godi\u0161nja doba su suprotna, a na primjer u te dvije zemlje slu\u017ebena metoda ra\u010dunanja godi\u0161njih doba je meteorolo\u0161ka pa ljeto po\u010dinje svake godine 1. prosinca.<\/p>\n\n\n\n<p>Za ve\u0107inu ljudi, gledano sa znanstvenog stajali\u0161ta, ljeto donosi psiholo\u0161ke prednosti. Ve\u0107ina ljudi ima koristi od ljeta, topline i svjetlosti za mentalno zdravlje i raspolo\u017eenje. Nesvjesno ili namjerno ve\u0107ina ljudi ljeti skra\u0107uje radno vrijeme, a odlasci vikendom na posao ili rad vikendom u ljetnim mjesecima postaje prava rijetkost, osim ako ste u nekom sezonskom pbiznisu. Ljeti napokon imamo zaslu\u017eeni odmor, koji je klju\u010dan za mentalne i fizi\u010dke dobrobiti. S druge strane imamo i vi\u0161e slobodnog vremena koje mo\u017eemo provoditi s obitelji i prijateljima. I dok svejedno imamo neka ograni\u010denja, mnogo smo opu\u0161teniji, \u0161to je tako\u0111er klju\u010dno za psihi\u010dko zdravlje.<\/p>\n\n\n\n<p>Za ugodno ljeto ne zaboravite:<\/p>\n\n\n\n<ul class=\"wp-block-list\">\n<li>Piti mnogo vode i teku\u0107ine kako biste sprije\u010dili dehidraciju.<\/li>\n\n\n\n<li>Nositi \u0161e\u0161ire i za\u0161titne kreme za lice svaki put kada izlazite iz doma.<\/li>\n\n\n\n<li>Obavljati fizi\u010dki zahtjevne aktivnosti rano ujutro ili kasnije uve\u010der kada su temperature ne\u0161to hladnije.<\/li>\n\n\n\n<li>Servisirati klima ure\u0111aj kako bi zrak koji udi\u0161ete bio zdrav.<\/li>\n\n\n\n<li>Zdravo se hraniti i unositi obilje svje\u017eeg vo\u0107a i povr\u0107a u organizam.<\/li>\n\n\n\n<li>Iskoristiti prednosti suhog i toplog vremena i obavljati aktivnosti koje biste ina\u010de u zatvorenom vani, poput \u010ditanja knjige i sli\u010dno.<\/li>\n<\/ul>\n\n\n\n<p>Vezano:<\/p>\n\n\n\n<p><a href=\"https:\/\/covermagazin.com\/?p=63203\">Za koliko dana je LJETO <\/a><\/p>\n\n\n\n<figure class=\"wp-block-embed is-type-wp-embed is-provider-cover-magazin-com wp-block-embed-cover-magazin-com\"><div class=\"wp-block-embed__wrapper\">\n<blockquote class=\"wp-embedded-content\" data-secret=\"atxu9iNPeR\"><a href=\"https:\/\/covermagazin.com\/?p=63203\">Za koliko dana je LJETO<\/a><\/blockquote><iframe loading=\"lazy\" class=\"wp-embedded-content\" sandbox=\"allow-scripts\" security=\"restricted\" style=\"position: absolute; visibility: hidden;\" title=\"&#8220;Za koliko dana je LJETO&#8221; &#8212; COVER magazin.com\" src=\"https:\/\/covermagazin.com\/?p=63203&#038;embed=true#?secret=I9arawo3g4#?secret=atxu9iNPeR\" data-secret=\"atxu9iNPeR\" width=\"500\" height=\"282\" frameborder=\"0\" marginwidth=\"0\" marginheight=\"0\" scrolling=\"no\"><\/iframe>\n<\/div><\/figure>\n\n\n\n<p><a href=\"https:\/\/covermagazin.com\/?p=58048\">Kad po\u010dinje jesen<\/a><\/p>\n\n\n\n<figure class=\"wp-block-embed is-type-wp-embed is-provider-cover-magazin-com wp-block-embed-cover-magazin-com\"><div class=\"wp-block-embed__wrapper\">\n<blockquote class=\"wp-embedded-content\" data-secret=\"C5AmjCSr8n\"><a href=\"https:\/\/covermagazin.com\/?p=58048\">Za koliko dana je jesen 2024.<\/a><\/blockquote><iframe loading=\"lazy\" class=\"wp-embedded-content\" sandbox=\"allow-scripts\" security=\"restricted\" style=\"position: absolute; visibility: hidden;\" title=\"&#8220;Za koliko dana je jesen 2024.&#8221; &#8212; COVER magazin.com\" src=\"https:\/\/covermagazin.com\/?p=58048&#038;embed=true#?secret=giiqfhfucW#?secret=C5AmjCSr8n\" data-secret=\"C5AmjCSr8n\" width=\"500\" height=\"282\" frameborder=\"0\" marginwidth=\"0\" marginheight=\"0\" scrolling=\"no\"><\/iframe>\n<\/div><\/figure>\n\n\n\n<p><a href=\"https:\/\/moda.covermagazin.com\/?tag=moda-proljece-ljeto-2018\">Moda ljeto<\/a><\/p>\n\n\n\n<p><\/p>\n","protected":false},"excerpt":{"rendered":"<p>Kad po\u010dinje ljeto 2025. Prvim danom ljeta se slu\u017ebeno smatra dan ljetnog solsticija, koji obi\u010dno pada izme\u0111u 20. lipnja i 23. lipnja. 2024. godine ljeto je po\u010delo 20.06., a 2025. ljeto po\u010dinje 21. lipnja. Kako se Zemlja okre\u0107e oko Sunca, ali i oko svoje osi njen polo\u017eaj u odre\u0111enom trenutku u odnosu na sunce definira [&hellip;]<\/p>\n","protected":false},"author":1,"featured_media":1486,"comment_status":"open","ping_status":"open","sticky":false,"template":"","format":"standard","meta":{"footnotes":""},"categories":[151,1],"tags":[],"class_list":["post-1485","post","type-post","status-publish","format-standard","has-post-thumbnail","hentry","category-godisnja-doba","category-prisjetimo_se"],"_links":{"self":[{"href":"https:\/\/www.prisjetimo.covermagazin.com\/index.php?rest_route=\/wp\/v2\/posts\/1485","targetHints":{"allow":["GET"]}}],"collection":[{"href":"https:\/\/www.prisjetimo.covermagazin.com\/index.php?rest_route=\/wp\/v2\/posts"}],"about":[{"href":"https:\/\/www.prisjetimo.covermagazin.com\/index.php?rest_route=\/wp\/v2\/types\/post"}],"author":[{"embeddable":true,"href":"https:\/\/www.prisjetimo.covermagazin.com\/index.php?rest_route=\/wp\/v2\/users\/1"}],"replies":[{"embeddable":true,"href":"https:\/\/www.prisjetimo.covermagazin.com\/index.php?rest_route=%2Fwp%2Fv2%2Fcomments&post=1485"}],"version-history":[{"count":7,"href":"https:\/\/www.prisjetimo.covermagazin.com\/index.php?rest_route=\/wp\/v2\/posts\/1485\/revisions"}],"predecessor-version":[{"id":1871,"href":"https:\/\/www.prisjetimo.covermagazin.com\/index.php?rest_route=\/wp\/v2\/posts\/1485\/revisions\/1871"}],"wp:featuredmedia":[{"embeddable":true,"href":"https:\/\/www.prisjetimo.covermagazin.com\/index.php?rest_route=\/wp\/v2\/media\/1486"}],"wp:attachment":[{"href":"https:\/\/www.prisjetimo.covermagazin.com\/index.php?rest_route=%2Fwp%2Fv2%2Fmedia&parent=1485"}],"wp:term":[{"taxonomy":"category","embeddable":true,"href":"https:\/\/www.prisjetimo.covermagazin.com\/index.php?rest_route=%2Fwp%2Fv2%2Fcategories&post=1485"},{"taxonomy":"post_tag","embeddable":true,"href":"https:\/\/www.prisjetimo.covermagazin.com\/index.php?rest_route=%2Fwp%2Fv2%2Ftags&post=1485"}],"curies":[{"name":"wp","href":"https:\/\/api.w.org\/{rel}","templated":true}]}}