{"id":1512,"date":"2026-01-15T11:05:57","date_gmt":"2026-01-15T11:05:57","guid":{"rendered":"https:\/\/www.prisjetimo.covermagazin.com\/?p=1512"},"modified":"2026-01-15T11:05:57","modified_gmt":"2026-01-15T11:05:57","slug":"zimsko-racunanje-vremena-2022","status":"publish","type":"post","link":"https:\/\/www.prisjetimo.covermagazin.com\/?p=1512","title":{"rendered":"Zimsko ra\u010dunanje vremena 2026."},"content":{"rendered":"\n<figure class=\"wp-block-image size-full\"><a href=\"https:\/\/www.prisjetimo.covermagazin.com\/wp-content\/uploads\/2022\/10\/Zimsko-racunanje-vremena.jpg\"><img loading=\"lazy\" decoding=\"async\" width=\"600\" height=\"400\" src=\"https:\/\/www.prisjetimo.covermagazin.com\/wp-content\/uploads\/2022\/10\/Zimsko-racunanje-vremena.jpg\" alt=\"\" class=\"wp-image-1513\" srcset=\"https:\/\/www.prisjetimo.covermagazin.com\/wp-content\/uploads\/2022\/10\/Zimsko-racunanje-vremena.jpg 600w, https:\/\/www.prisjetimo.covermagazin.com\/wp-content\/uploads\/2022\/10\/Zimsko-racunanje-vremena-300x200.jpg 300w\" sizes=\"auto, (max-width: 600px) 100vw, 600px\" \/><\/a><\/figure>\n\n\n\n<h2 class=\"wp-block-heading\">Zimsko ra\u010dunanje vremena 2026.<\/h2>\n\n\n\n<p>Zimsko ra\u010dunanje vremena u Hrvatskoj i ve\u0107em dijelu Europe zavr\u0161ava u nedjelju 29. o\u017eujka 2026. sa subote na nedjelju, kada \u0107e se po lokalnom vremenu u 2h ujutro sat pomaknuti na 3h ujutro, tj. na  &#8220;ljetno vrijeme&#8221; odnosno ljetno ra\u010dunanje vremena. Kod zimskog ra\u010dunanja vremena sat se pomi\u010de jedan sat unatrag, odnosno vra\u0107a na standardno lokalno vrijeme, nakon \u0161to je u prolje\u0107e bio pomaknut unaprijed radi u\u0161tede energije. Termin \u201ezimsko ra\u010dunanje vremena\u201d u svojoj osnovi ne bi trebao postojati, jer postoji <strong>standardno vrijeme i \u201eljetno ra\u010dunanje vremena\u201d<\/strong> koje je umjetno kreirano radi u\u0161tede energije u ve\u010dernjim satima tijekom ljeta. Budu\u0107i da u ljetnim mjesecima Sunce izlazi vrlo rano, taj svijetli dio dana s puno svjetlosti i dana bi ostajao neiskori\u0161ten, a uve\u010der bi se mnogo vi\u0161e energije trebalo tro\u0161iti kako bi se osvjetljivalo jedan sat du\u017ee, te je iz tog razloga kreirano ljetno ra\u010dunanje vremena. Vra\u0107anjem na \u201ezimsko ra\u010dunanje vremena\u201d zapravo se vra\u0107amo na pravo vrijeme.<\/p>\n\n\n\n<h3 class=\"wp-block-heading\">Jesu li promjene sata nu\u017ene, te prebacivanje na ljetno ra\u010dunanje vremena<\/h3>\n\n\n\n<p>Dok oko pola svijeta (44 posto dr\u017eava prema posljednjim statistikama) prebacuje satove u prolje\u0107e na ljetno ra\u010dunanje vremena, ostatak svijeta ne mijenja vrijeme uklju\u010duju\u0107i ve\u0107inu afri\u010dkih i azijskih dr\u017eava, Rusiju i Australiju. Iz toga se da zaklju\u010diti da bi svijet mogao jednako funkcionirati i bez prebacivanja s jednog ra\u010dunanja vremena na drugo, te pomicanja kazaljki na satu. Tako\u0111er, argument koji doprinosi tezi kako je u moderno vrijeme <a href=\"https:\/\/www.prisjetimo.covermagazin.com\/?p=1264\">pomicanje sata <\/a>beskorisno je i razvoj novih tehnologija rasvjete, gdje nova tehnologija (na primjer LED rasvjeta) tro\u0161i i do 10 puta manje energije u odnosu na rasvjetu kada su zapo\u010deli s prebacivanjem na ljetno ra\u010dunanje vremena. S druge strane popularnost klima ure\u0111aja koji tro\u0161e vi\u0161e energije od rasvjete sugerira kako bi se vi\u0161e energije sa\u010duvalo da ljudi tijekom ljetnih ve\u010deri ostaju jedan dan du\u017ee na otvorenom uz ljetni povjetarac, nego da ulaze u zatvorene prostore gdje je nu\u017eno uklju\u010diti klimatske ure\u0111aje. Stoga sve \u010de\u0161\u0107e \u010dujemo argumente kako je pomicanje kazaljki i dvojako ra\u010dunanje vremena postalo nepotrebno.<\/p>\n\n\n\n<h3 class=\"wp-block-heading\">Trebam li sam pomicati kazaljke kako bi se sat prebacio na zimsko ra\u010dunanje vremena 2026. ili \u0107e se sat sam pomaknuti<\/h3>\n\n\n\n<p>Na sre\u0107u, ve\u0107ina osoba ne mora uop\u0107e razmi\u0161ljati o pomicanju kazaljki zbog prebacivanja na zimsko ra\u010dunanje vremena, jer elektroni\u010dki satovi to odra\u0111uju sami za nas. Ve\u0107ina mobitela i drugih elektroni\u010dkih ure\u0111aja sami \u0107e se namjestiti na to\u010dno vrijeme i prebaciti na zimsko ra\u010dunanje vremena, pa su \u0161anse da \u0107ete zakasniti na posao ili neki dogovor minimalne. Kompjuteri, laptopi, tableti, mobiteli i pametni kuhinjski ure\u0111aji automatski se prebacuju, pa kada vas jutarnju alarm probudi vjerojatno ne\u0107ete primijetiti nikakvu razliku, osim \u0161to \u0107ete se osje\u0107ati naspavano i odmornije jer ste spavali sat du\u017ee.<\/p>\n\n\n\n<h3 class=\"wp-block-heading\">Da li dobivamo ili gubimo sat sna nakon vra\u0107anja na zimsko ra\u010dunanje vremena?<\/h3>\n\n\n\n<p>Ljetno ra\u010dunanje vremena zavr\u0161ava u nedjelju 25. listopada 2026. te se kazaljke u 3 no\u0107i vra\u0107aju na 2h. To zna\u010di da \u0107emo zaspimo li u isto vrijeme uve\u010der u subotu i probudimo li se u isto vrijeme kao i obi\u010dno u nedjelju ujutro spavati sat vremena du\u017ee. Kolokvijalno re\u010deno dobivamo jedan sat na poklon, te spavamo jedan sat tijekom te no\u0107i vi\u0161e. Pomicanja sata, kada se vra\u0107amo na zimsko ra\u010dunanje vremena, odnosno na standardno lokalno vrijeme ne bi trebalo uzrokovati promjene u biolo\u0161kom satu. Mo\u017eda \u0107emo se i probuditi sat vremena ranije, a odspavamo li do trenutka javljanja alarma sigurno \u0107emo se bolje naspavati i lak\u0161e odraditi dan pred sobom. Poreme\u0107aj bi mogli osjetiti oni koji u nedjelju u ve\u010dernjim satima imaju neke utakmice ili va\u017ene poslove gdje bi mogli osjetiti pospanost ili nenadani umor. Za razliku od proljetnog pomjeranja sata, malo ljudi se \u017eali na umor nakon jesenske tradicije, nego dapa\u010de, \u010dini se kako svima standardno vrijeme ipak bolje odgovara i kako je prirodnije.<\/p>\n\n\n\n<p>Op\u0161irnije:<\/p>\n\n\n\n<p><a href=\"https:\/\/www.prisjetimo.covermagazin.com\/?p=1264\">Pomicanje sata 2026.<\/a><\/p>\n","protected":false},"excerpt":{"rendered":"<p>Zimsko ra\u010dunanje vremena 2026. Zimsko ra\u010dunanje vremena u Hrvatskoj i ve\u0107em dijelu Europe zavr\u0161ava u nedjelju 29. o\u017eujka 2026. sa subote na nedjelju, kada \u0107e se po lokalnom vremenu u 2h ujutro sat pomaknuti na 3h ujutro, tj. na &#8220;ljetno vrijeme&#8221; odnosno ljetno ra\u010dunanje vremena. Kod zimskog ra\u010dunanja vremena sat se pomi\u010de jedan sat unatrag, [&hellip;]<\/p>\n","protected":false},"author":1,"featured_media":1513,"comment_status":"open","ping_status":"open","sticky":false,"template":"","format":"standard","meta":{"footnotes":""},"categories":[150,1],"tags":[],"class_list":["post-1512","post","type-post","status-publish","format-standard","has-post-thumbnail","hentry","category-pomicanje-sata","category-prisjetimo_se"],"_links":{"self":[{"href":"https:\/\/www.prisjetimo.covermagazin.com\/index.php?rest_route=\/wp\/v2\/posts\/1512","targetHints":{"allow":["GET"]}}],"collection":[{"href":"https:\/\/www.prisjetimo.covermagazin.com\/index.php?rest_route=\/wp\/v2\/posts"}],"about":[{"href":"https:\/\/www.prisjetimo.covermagazin.com\/index.php?rest_route=\/wp\/v2\/types\/post"}],"author":[{"embeddable":true,"href":"https:\/\/www.prisjetimo.covermagazin.com\/index.php?rest_route=\/wp\/v2\/users\/1"}],"replies":[{"embeddable":true,"href":"https:\/\/www.prisjetimo.covermagazin.com\/index.php?rest_route=%2Fwp%2Fv2%2Fcomments&post=1512"}],"version-history":[{"count":10,"href":"https:\/\/www.prisjetimo.covermagazin.com\/index.php?rest_route=\/wp\/v2\/posts\/1512\/revisions"}],"predecessor-version":[{"id":2296,"href":"https:\/\/www.prisjetimo.covermagazin.com\/index.php?rest_route=\/wp\/v2\/posts\/1512\/revisions\/2296"}],"wp:featuredmedia":[{"embeddable":true,"href":"https:\/\/www.prisjetimo.covermagazin.com\/index.php?rest_route=\/wp\/v2\/media\/1513"}],"wp:attachment":[{"href":"https:\/\/www.prisjetimo.covermagazin.com\/index.php?rest_route=%2Fwp%2Fv2%2Fmedia&parent=1512"}],"wp:term":[{"taxonomy":"category","embeddable":true,"href":"https:\/\/www.prisjetimo.covermagazin.com\/index.php?rest_route=%2Fwp%2Fv2%2Fcategories&post=1512"},{"taxonomy":"post_tag","embeddable":true,"href":"https:\/\/www.prisjetimo.covermagazin.com\/index.php?rest_route=%2Fwp%2Fv2%2Ftags&post=1512"}],"curies":[{"name":"wp","href":"https:\/\/api.w.org\/{rel}","templated":true}]}}