{"id":1517,"date":"2024-01-17T12:55:37","date_gmt":"2024-01-17T12:55:37","guid":{"rendered":"https:\/\/www.prisjetimo.covermagazin.com\/?p=1517"},"modified":"2024-12-11T09:39:23","modified_gmt":"2024-12-11T09:39:23","slug":"kada-se-mjesec-vidi-danju","status":"publish","type":"post","link":"https:\/\/www.prisjetimo.covermagazin.com\/?p=1517","title":{"rendered":"Kada se Mjesec vidi danju?"},"content":{"rendered":"\n<figure class=\"wp-block-image size-full\"><a href=\"https:\/\/www.prisjetimo.covermagazin.com\/wp-content\/uploads\/2022\/10\/Mjesec-koji-se-vidi-danju.jpg\"><img decoding=\"async\" src=\"https:\/\/www.prisjetimo.covermagazin.com\/wp-content\/uploads\/2022\/10\/Mjesec-koji-se-vidi-danju.jpg\" alt=\"\" class=\"wp-image-1518\"\/><\/a><\/figure>\n\n\n\n<h2 class=\"wp-block-heading\">Kada se Mjesec vidi danju?<\/h2>\n\n\n\n<p>Ovih dana imali smo priliku vidjeti pun Mjesec i to dnevnim satima. Sigurno ste se zapitali zbog \u010dega se ponekad Mjesec mo\u017ee vidjeti i danju, dok je u pravilu vidljiv samo no\u0107u, te ima li takva pojava Mjeseca neko posebno zna\u010denje.<\/p>\n\n\n\n<p>Iako se vidljivost Mjeseca smatra no\u0107nom pojavom, postoje dani kada je vidljiv i danju kao blijeda, transparentna pojava. Mjesec se vidi danju kada zbog svog polo\u017eaja u odnosu na Zemlju i Sunce, mo\u017ee sna\u017eno reflektirati sun\u010devu svjetlost, tako da je vidljiv i danju. Mjesec danju mo\u017eemo vidjeti u bilo kojoj <a href=\"https:\/\/www.prisjetimo.covermagazin.com\/?p=1176\">Mjese\u010devoj mijeni<\/a>, osim za vrijeme Mladog mjeseca kada je nam nije vidljiv ni no\u0107i.<\/p>\n\n\n\n<h3 class=\"wp-block-heading\">Kako gledati Mjesec danju<\/h3>\n\n\n\n<p>Mjese\u010deva vidljivost danju, ali i op\u0107enito ovisi o fazi u kojoj je, odnosno Mjese\u010devim mijenama. Mladi Mjesec je jako te\u0161ki vidjeti i danju, jer je previ\u0161e blizu Suncu. Ako \u017eelite Mjesec vidjeti danju najbolje je gledati 7 dana prije punog Mjeseca prema istoku, u popodnevnim satima, te \u0107ete ga vidjeti ukoliko nebo bude bez oblaka i \u010disto. Nakon punog Mjeseca, gledajte u jutarnjim satima zapadnu stranu svijeta. Nakon punog Mjeseca, Mjesec je danju vidljiv u jutarnjim satima. Ponekad \u0107e Mjesec biti vidljiv \u201egolim okom\u201d, a ponekad \u0107e vam trebati dobar teleskop da biste ga uo\u010dili. O\u010dekujte kako \u0107e ponekad biti vidljiviji i reflektirati vi\u0161e svjetlosti, dok \u0107e drugim danima biti blijeda sjena.<\/p>\n\n\n\n<h3 class=\"wp-block-heading\">Zna\u010denje pojave Mjeseca danju<\/h3>\n\n\n\n<p>Ljudi od davnina pridaju pojavi Mjeseca danju posebna duhovna zna\u010denja, me\u0111utim, budu\u0107i da je ovo sasvim znanstveno obja\u0161njena i predvidljiva pojava te\u0161ko se mo\u017ee i dalje tvrditi kako bi ova astronomska pojava mogla imati neko duhovno zna\u010denje. Ako znate putanju kretanja Mjeseca oko Zemlje i oko Sunca, tada \u0107ete mo\u0107i predvidjeti kada \u0107ete mo\u0107i uo\u010diti Mjesec na dnevnom nebu.<\/p>\n\n\n\n<p>Ipak, Mjesec je bio inspiracija tisu\u0107lje\u0107ima za razne bajke i mitove, stoga ne \u010dudi da se neke ponavljaju i danas. U predajama \u0107ete prona\u0107i mnogo pri\u010da vezanih uz Mjesec, pa tako i Mjesec koji je vidljiv istovremeno sa Suncem. Naj\u010de\u0161\u0107e tada simbolizira ravnote\u017eu, postojanje istovremeno i dobroga i lo\u0161ega. Paralelno postojanje suprotnosti, simbola dana i simbola no\u0107i.  U ovakvim situacijama, kada je vidljiv danju, Mjesecu se pridodaje i simbolizam razotkrivanja skrivenog utjecaja. Smatra se kako tada tajen izlaze na vidjelo. Mjesec ne mo\u017eemo nikad vidjeti izravno, jer za razliku od Zvijezda, uklju\u010duju\u0107i Sunce, on ne svijetli. Mjesec vidimo tek kada ga obasja Sunce i kada se na njemu reflektira sun\u010deva svjetlost. Kada je Mjesec vidljiv danju doima se kao da je razotkriven, te se takvim danima kada je Mjesec vidljiv danju u pro\u0161losti pridavao simbolizam razotkrivanja tajni i skrivenog utjecaja.<\/p>\n\n\n\n<p>Pun Mjesec je svima zanimljiva tema, te na neki na\u010din uz sebe ve\u017ee simboliku i mnogo zna\u010denja, a kada se pun Mjesec vidi danju, tada je te simbolike jo\u0161 vi\u0161e. Me\u0111utim, treba znati da stvarni <a href=\"https:\/\/www.prisjetimo.covermagazin.com\/?p=1184\">pun Mjesec<\/a> traje tek trenutak, me\u0111utim, doima se punim nekoliko dana oko to\u010dnog vremena punog Mjeseca. Budu\u0107i da se sa Zemlje ne mo\u017ee procijeniti je li Mjesec pun 100 posto ili 97 posto doima se kao da na nebu vidimo pun Mjesec, a posebno ako ga vidimo danju kada je blijed i gotovo transparentan.<\/p>\n\n\n\n<p>Budu\u0107i da je Mjesec koji se vidi no\u0107i smatran no\u0107nom pojavom uz njega se ve\u017ee tama i tajnovitost. Tama skriva stvari pred na\u0161im o\u010dima, ve\u0107ina ljudi spava, te zbog toga Mjesec ostaje misteriozan no\u0107ni simbol. Kada se Mjesec vidi danju nosi simboliku \u201erazotkrivanje\u201d tame i misterija.<\/p>\n\n\n\n<p>\u017delite li vidjeti Mjesec danju pa\u017eljivo gledajte na stranu suprotnu od izlaska, odnosno zalaska sunca u jutarnjim ili popodnevnim satima. U popodnevnim satima ga treba tra\u017eiti na istoku, a u jutarnjim satima \u017eelite li vidjeti Mjesec danju gledajte prema zapadu. <\/p>\n","protected":false},"excerpt":{"rendered":"<p>Kada se Mjesec vidi danju? Ovih dana imali smo priliku vidjeti pun Mjesec i to dnevnim satima. Sigurno ste se zapitali zbog \u010dega se ponekad Mjesec mo\u017ee vidjeti i danju, dok je u pravilu vidljiv samo no\u0107u, te ima li takva pojava Mjeseca neko posebno zna\u010denje. Iako se vidljivost Mjeseca smatra no\u0107nom pojavom, postoje dani [&hellip;]<\/p>\n","protected":false},"author":1,"featured_media":0,"comment_status":"open","ping_status":"open","sticky":false,"template":"","format":"standard","meta":{"footnotes":""},"categories":[149,1],"tags":[],"class_list":["post-1517","post","type-post","status-publish","format-standard","hentry","category-lunarne-faze","category-prisjetimo_se"],"_links":{"self":[{"href":"https:\/\/www.prisjetimo.covermagazin.com\/index.php?rest_route=\/wp\/v2\/posts\/1517","targetHints":{"allow":["GET"]}}],"collection":[{"href":"https:\/\/www.prisjetimo.covermagazin.com\/index.php?rest_route=\/wp\/v2\/posts"}],"about":[{"href":"https:\/\/www.prisjetimo.covermagazin.com\/index.php?rest_route=\/wp\/v2\/types\/post"}],"author":[{"embeddable":true,"href":"https:\/\/www.prisjetimo.covermagazin.com\/index.php?rest_route=\/wp\/v2\/users\/1"}],"replies":[{"embeddable":true,"href":"https:\/\/www.prisjetimo.covermagazin.com\/index.php?rest_route=%2Fwp%2Fv2%2Fcomments&post=1517"}],"version-history":[{"count":6,"href":"https:\/\/www.prisjetimo.covermagazin.com\/index.php?rest_route=\/wp\/v2\/posts\/1517\/revisions"}],"predecessor-version":[{"id":1973,"href":"https:\/\/www.prisjetimo.covermagazin.com\/index.php?rest_route=\/wp\/v2\/posts\/1517\/revisions\/1973"}],"wp:attachment":[{"href":"https:\/\/www.prisjetimo.covermagazin.com\/index.php?rest_route=%2Fwp%2Fv2%2Fmedia&parent=1517"}],"wp:term":[{"taxonomy":"category","embeddable":true,"href":"https:\/\/www.prisjetimo.covermagazin.com\/index.php?rest_route=%2Fwp%2Fv2%2Fcategories&post=1517"},{"taxonomy":"post_tag","embeddable":true,"href":"https:\/\/www.prisjetimo.covermagazin.com\/index.php?rest_route=%2Fwp%2Fv2%2Ftags&post=1517"}],"curies":[{"name":"wp","href":"https:\/\/api.w.org\/{rel}","templated":true}]}}