{"id":2108,"date":"2025-03-25T15:57:32","date_gmt":"2025-03-25T15:57:32","guid":{"rendered":"https:\/\/www.prisjetimo.covermagazin.com\/?p=2108"},"modified":"2025-03-25T15:58:45","modified_gmt":"2025-03-25T15:58:45","slug":"donosimo-recept-za-waffle-i-ideje-kako-posluziti-waffle-povodom-medunarnodnog-dan-waffla","status":"publish","type":"post","link":"https:\/\/www.prisjetimo.covermagazin.com\/?p=2108","title":{"rendered":"Donosimo recept za waffle i ideje kako poslu\u017eiti waffle povodom Me\u0111unarnodnog dan waffla"},"content":{"rendered":"\n<figure class=\"wp-block-image size-full\"><a href=\"https:\/\/www.prisjetimo.covermagazin.com\/wp-content\/uploads\/2025\/03\/recept-za-waffle-cover.jpg\"><img loading=\"lazy\" decoding=\"async\" width=\"600\" height=\"400\" src=\"https:\/\/www.prisjetimo.covermagazin.com\/wp-content\/uploads\/2025\/03\/recept-za-waffle-cover.jpg\" alt=\"\" class=\"wp-image-2109\" srcset=\"https:\/\/www.prisjetimo.covermagazin.com\/wp-content\/uploads\/2025\/03\/recept-za-waffle-cover.jpg 600w, https:\/\/www.prisjetimo.covermagazin.com\/wp-content\/uploads\/2025\/03\/recept-za-waffle-cover-300x200.jpg 300w\" sizes=\"auto, (max-width: 600px) 100vw, 600px\" \/><\/a><\/figure>\n\n\n\n<h2 class=\"wp-block-heading\">Donosimo recept za waffle i ideje kako poslu\u017eiti waffle povodom Me\u0111unarnodnog dan waffla<\/h2>\n\n\n\n<p>Lijepo je obilje\u017eavati posebne dane u godini, jer to je ono \u0161to \u010dini \u017eivot sadr\u017eajnijim i motiviraju\u0107im. Me\u0111unarodnim danom waffla dajemo na va\u017enosti ovom kola\u010du ili pecivu, a najbolje ga je obilje\u017eiti tako da jedemo waffle. Dan waffla originalno se slavi u \u0160vedskoj, ali proslava postaje me\u0111unarodni hit.<\/p>\n\n\n\n<h3 class=\"wp-block-heading\">Me\u0111unarodni dan waffli<\/h3>\n\n\n\n<p>Me\u0111unarodni dan waffli slavi se 25. o\u017eujka. Neka literatura navodi kako su waffle postojale i prije 4.000 godina. Ipak, prvi recept za waffle koji je zapisan potje\u010de iz 15 stolje\u0107a. Postoje neki dokazi kako su se waffle prodavale na ulici ve\u0107 1603.<\/p>\n\n\n\n<p>Kalupi ili tava za waffle standardna je oprema ku\u0107anstava od 1930-tih.<\/p>\n\n\n\n<p>Klasi\u010dne waffle trebale bi biti hrskave izvana i rahle iznutra. Ono \u0161to ih \u010dini toliko popularnima da ih cijeli svijet obo\u017eava je jednostavnost pripreme.<\/p>\n\n\n\n<h2 class=\"wp-block-heading\">Recept za waffle<\/h2>\n\n\n\n<p>Sastojci:<br>2\/3 \u0161alice bra\u0161na<br>1\/2 pra\u0161ka za pecivo<br>1\/4 \u017eli\u010dice soli<br>2 \u017elice \u0161e\u0107era<br>2 jaja<br>1\/2 \u0161alice mlijeka<br>1 velika \u017elica ulja za tijesto<br>1 vanilin \u0161e\u0107er<\/p>\n\n\n\n<p>Priprema:<br>Pjenasto umijesite mikserom jaja i \u0161e\u0107er. Dodajte lagano ostale sastojke te ru\u010dno mijesite laganim pokretima dok ne dobijete originalnu smjesu. Smjesa \u0107e biti teku\u0107e teksture. Zagrijte peka\u010d ili toster za waffle. Izlijte tijesto u kalupe. Poklopite i pecite 2 do 3 minute. Mo\u017eda \u0107ete trebati pe\u0107i i 4 minute, jer \u010de to\u010dno vrijeme pe\u010denja ovisiti o snazi va\u0161eg aparata za waffle.<\/p>\n\n\n\n<p>Poslu\u017eite s preljevom, \u0161e\u0107erom u prahu, sladoledom ili \u0161lagom.<\/p>\n\n\n\n<h2 class=\"wp-block-heading\">10 ideja kako poslu\u017eiti waffle<\/h2>\n\n\n\n<figure class=\"wp-block-image size-large\"><a href=\"https:\/\/www.prisjetimo.covermagazin.com\/wp-content\/uploads\/2025\/03\/recept-za-waffle-2.jpg\"><img loading=\"lazy\" decoding=\"async\" width=\"600\" height=\"402\" src=\"https:\/\/www.prisjetimo.covermagazin.com\/wp-content\/uploads\/2025\/03\/recept-za-waffle-2.jpg\" alt=\"\" class=\"wp-image-2110\" srcset=\"https:\/\/www.prisjetimo.covermagazin.com\/wp-content\/uploads\/2025\/03\/recept-za-waffle-2.jpg 600w, https:\/\/www.prisjetimo.covermagazin.com\/wp-content\/uploads\/2025\/03\/recept-za-waffle-2-300x201.jpg 300w\" sizes=\"auto, (max-width: 600px) 100vw, 600px\" \/><\/a><figcaption class=\"wp-element-caption\">Wafle  mo\u017eete poslu\u017eiti tako da ih pospete \u0161e\u0107erom u prahu i poslu\u017eite uz omiljeni sok. <\/figcaption><\/figure>\n\n\n\n<figure class=\"wp-block-image size-large is-resized\"><a href=\"https:\/\/www.prisjetimo.covermagazin.com\/wp-content\/uploads\/2025\/03\/recept-za-waffle-3.jpg\"><img loading=\"lazy\" decoding=\"async\" width=\"600\" height=\"436\" src=\"https:\/\/www.prisjetimo.covermagazin.com\/wp-content\/uploads\/2025\/03\/recept-za-waffle-3.jpg\" alt=\"\" class=\"wp-image-2111\" style=\"width:645px;height:auto\" srcset=\"https:\/\/www.prisjetimo.covermagazin.com\/wp-content\/uploads\/2025\/03\/recept-za-waffle-3.jpg 600w, https:\/\/www.prisjetimo.covermagazin.com\/wp-content\/uploads\/2025\/03\/recept-za-waffle-3-300x218.jpg 300w\" sizes=\"auto, (max-width: 600px) 100vw, 600px\" \/><\/a><figcaption class=\"wp-element-caption\">Waffle s \u010dokoladnim namazom i vo\u0107e provjerena su kombinacija. <\/figcaption><\/figure>\n\n\n\n<figure class=\"wp-block-image size-large\"><a href=\"https:\/\/www.prisjetimo.covermagazin.com\/wp-content\/uploads\/2025\/03\/recept-za-waffle-4.jpg\"><img loading=\"lazy\" decoding=\"async\" width=\"600\" height=\"400\" src=\"https:\/\/www.prisjetimo.covermagazin.com\/wp-content\/uploads\/2025\/03\/recept-za-waffle-4.jpg\" alt=\"\" class=\"wp-image-2113\" srcset=\"https:\/\/www.prisjetimo.covermagazin.com\/wp-content\/uploads\/2025\/03\/recept-za-waffle-4.jpg 600w, https:\/\/www.prisjetimo.covermagazin.com\/wp-content\/uploads\/2025\/03\/recept-za-waffle-4-300x200.jpg 300w\" sizes=\"auto, (max-width: 600px) 100vw, 600px\" \/><\/a><figcaption class=\"wp-element-caption\">Waffle s preljevom od \u010dokolade i orasima, dodatno osvje\u017eite kuglicom sladoleda. <\/figcaption><\/figure>\n\n\n\n<figure class=\"wp-block-image size-large\"><a href=\"https:\/\/www.prisjetimo.covermagazin.com\/wp-content\/uploads\/2025\/03\/recept-za-waffle-5.jpg\"><img loading=\"lazy\" decoding=\"async\" width=\"600\" height=\"402\" src=\"https:\/\/www.prisjetimo.covermagazin.com\/wp-content\/uploads\/2025\/03\/recept-za-waffle-5.jpg\" alt=\"\" class=\"wp-image-2112\" srcset=\"https:\/\/www.prisjetimo.covermagazin.com\/wp-content\/uploads\/2025\/03\/recept-za-waffle-5.jpg 600w, https:\/\/www.prisjetimo.covermagazin.com\/wp-content\/uploads\/2025\/03\/recept-za-waffle-5-300x201.jpg 300w\" sizes=\"auto, (max-width: 600px) 100vw, 600px\" \/><\/a><figcaption class=\"wp-element-caption\">Waffle sa \u0161lagom neizostavan su klasik koji morate probati. <\/figcaption><\/figure>\n\n\n\n<figure class=\"wp-block-image size-large\"><a href=\"https:\/\/www.prisjetimo.covermagazin.com\/wp-content\/uploads\/2025\/03\/recept-za-waffle-6.jpg\"><img loading=\"lazy\" decoding=\"async\" width=\"600\" height=\"418\" src=\"https:\/\/www.prisjetimo.covermagazin.com\/wp-content\/uploads\/2025\/03\/recept-za-waffle-6.jpg\" alt=\"\" class=\"wp-image-2114\" srcset=\"https:\/\/www.prisjetimo.covermagazin.com\/wp-content\/uploads\/2025\/03\/recept-za-waffle-6.jpg 600w, https:\/\/www.prisjetimo.covermagazin.com\/wp-content\/uploads\/2025\/03\/recept-za-waffle-6-300x209.jpg 300w\" sizes=\"auto, (max-width: 600px) 100vw, 600px\" \/><\/a><figcaption class=\"wp-element-caption\">Ukoliko waffle poslu\u017eujete s vo\u0107em i sladoledom imate kombinaciju koja je i zdrava i ukusna. <\/figcaption><\/figure>\n\n\n\n<figure class=\"wp-block-image size-large\"><a href=\"https:\/\/www.prisjetimo.covermagazin.com\/wp-content\/uploads\/2025\/03\/recept-za-waffle-7.jpg\"><img loading=\"lazy\" decoding=\"async\" width=\"600\" height=\"400\" src=\"https:\/\/www.prisjetimo.covermagazin.com\/wp-content\/uploads\/2025\/03\/recept-za-waffle-7.jpg\" alt=\"\" class=\"wp-image-2115\" srcset=\"https:\/\/www.prisjetimo.covermagazin.com\/wp-content\/uploads\/2025\/03\/recept-za-waffle-7.jpg 600w, https:\/\/www.prisjetimo.covermagazin.com\/wp-content\/uploads\/2025\/03\/recept-za-waffle-7-300x200.jpg 300w\" sizes=\"auto, (max-width: 600px) 100vw, 600px\" \/><\/a><figcaption class=\"wp-element-caption\">Sok od naran\u010de i waffle sa \u0161e\u0107erom su za prave ljubitelje waffli koji u\u017eivaju u originalnom okusu. <\/figcaption><\/figure>\n\n\n\n<figure class=\"wp-block-image size-large\"><a href=\"https:\/\/www.prisjetimo.covermagazin.com\/wp-content\/uploads\/2025\/03\/recept-za-waffle-8.jpg\"><img loading=\"lazy\" decoding=\"async\" width=\"600\" height=\"400\" src=\"https:\/\/www.prisjetimo.covermagazin.com\/wp-content\/uploads\/2025\/03\/recept-za-waffle-8.jpg\" alt=\"\" class=\"wp-image-2120\" srcset=\"https:\/\/www.prisjetimo.covermagazin.com\/wp-content\/uploads\/2025\/03\/recept-za-waffle-8.jpg 600w, https:\/\/www.prisjetimo.covermagazin.com\/wp-content\/uploads\/2025\/03\/recept-za-waffle-8-300x200.jpg 300w\" sizes=\"auto, (max-width: 600px) 100vw, 600px\" \/><\/a><figcaption class=\"wp-element-caption\">\u0160lag je izvrstan dodatak wafflima. <\/figcaption><\/figure>\n\n\n\n<figure class=\"wp-block-image size-large\"><a href=\"https:\/\/www.prisjetimo.covermagazin.com\/wp-content\/uploads\/2025\/03\/recept-za-waffle-9.jpg\"><img loading=\"lazy\" decoding=\"async\" width=\"600\" height=\"368\" src=\"https:\/\/www.prisjetimo.covermagazin.com\/wp-content\/uploads\/2025\/03\/recept-za-waffle-9.jpg\" alt=\"\" class=\"wp-image-2117\" srcset=\"https:\/\/www.prisjetimo.covermagazin.com\/wp-content\/uploads\/2025\/03\/recept-za-waffle-9.jpg 600w, https:\/\/www.prisjetimo.covermagazin.com\/wp-content\/uploads\/2025\/03\/recept-za-waffle-9-300x184.jpg 300w\" sizes=\"auto, (max-width: 600px) 100vw, 600px\" \/><\/a><figcaption class=\"wp-element-caption\">Kada waffle poslu\u017eujete uz \u0161lag ili sladoled, okus dodatno mo\u017ee osvje\u017eiti vo\u0107ni sirup ili kompot. <\/figcaption><\/figure>\n\n\n\n<figure class=\"wp-block-image size-large is-resized\"><a href=\"https:\/\/www.prisjetimo.covermagazin.com\/wp-content\/uploads\/2025\/03\/recept-za-waffle-10.jpg\"><img loading=\"lazy\" decoding=\"async\" width=\"600\" height=\"400\" src=\"https:\/\/www.prisjetimo.covermagazin.com\/wp-content\/uploads\/2025\/03\/recept-za-waffle-10.jpg\" alt=\"\" class=\"wp-image-2118\" style=\"width:645px;height:auto\" srcset=\"https:\/\/www.prisjetimo.covermagazin.com\/wp-content\/uploads\/2025\/03\/recept-za-waffle-10.jpg 600w, https:\/\/www.prisjetimo.covermagazin.com\/wp-content\/uploads\/2025\/03\/recept-za-waffle-10-300x200.jpg 300w\" sizes=\"auto, (max-width: 600px) 100vw, 600px\" \/><\/a><figcaption class=\"wp-element-caption\">Uz sladoled od vanilije tako\u0111er ide \u010dokoladni preljev. <\/figcaption><\/figure>\n\n\n\n<figure class=\"wp-block-image size-large\"><a href=\"https:\/\/www.prisjetimo.covermagazin.com\/wp-content\/uploads\/2025\/03\/recept-za-waffle.jpg\"><img loading=\"lazy\" decoding=\"async\" width=\"600\" height=\"400\" src=\"https:\/\/www.prisjetimo.covermagazin.com\/wp-content\/uploads\/2025\/03\/recept-za-waffle.jpg\" alt=\"\" class=\"wp-image-2116\" srcset=\"https:\/\/www.prisjetimo.covermagazin.com\/wp-content\/uploads\/2025\/03\/recept-za-waffle.jpg 600w, https:\/\/www.prisjetimo.covermagazin.com\/wp-content\/uploads\/2025\/03\/recept-za-waffle-300x200.jpg 300w\" sizes=\"auto, (max-width: 600px) 100vw, 600px\" \/><\/a><figcaption class=\"wp-element-caption\">Waffle poslu\u017eene sa tu\u010denim vrhnjem, ora\u0161astim plodovima i suhim vo\u0107em zdrav su doru\u010dak. <\/figcaption><\/figure>\n\n\n\n<p><\/p>\n","protected":false},"excerpt":{"rendered":"<p>Donosimo recept za waffle i ideje kako poslu\u017eiti waffle povodom Me\u0111unarnodnog dan waffla Lijepo je obilje\u017eavati posebne dane u godini, jer to je ono \u0161to \u010dini \u017eivot sadr\u017eajnijim i motiviraju\u0107im. Me\u0111unarodnim danom waffla dajemo na va\u017enosti ovom kola\u010du ili pecivu, a najbolje ga je obilje\u017eiti tako da jedemo waffle. Dan waffla originalno se slavi u [&hellip;]<\/p>\n","protected":false},"author":1,"featured_media":2109,"comment_status":"open","ping_status":"open","sticky":false,"template":"","format":"standard","meta":{"footnotes":""},"categories":[152],"tags":[],"class_list":["post-2108","post","type-post","status-publish","format-standard","has-post-thumbnail","hentry","category-dani-koje-obiljezavamo"],"_links":{"self":[{"href":"https:\/\/www.prisjetimo.covermagazin.com\/index.php?rest_route=\/wp\/v2\/posts\/2108","targetHints":{"allow":["GET"]}}],"collection":[{"href":"https:\/\/www.prisjetimo.covermagazin.com\/index.php?rest_route=\/wp\/v2\/posts"}],"about":[{"href":"https:\/\/www.prisjetimo.covermagazin.com\/index.php?rest_route=\/wp\/v2\/types\/post"}],"author":[{"embeddable":true,"href":"https:\/\/www.prisjetimo.covermagazin.com\/index.php?rest_route=\/wp\/v2\/users\/1"}],"replies":[{"embeddable":true,"href":"https:\/\/www.prisjetimo.covermagazin.com\/index.php?rest_route=%2Fwp%2Fv2%2Fcomments&post=2108"}],"version-history":[{"count":1,"href":"https:\/\/www.prisjetimo.covermagazin.com\/index.php?rest_route=\/wp\/v2\/posts\/2108\/revisions"}],"predecessor-version":[{"id":2121,"href":"https:\/\/www.prisjetimo.covermagazin.com\/index.php?rest_route=\/wp\/v2\/posts\/2108\/revisions\/2121"}],"wp:featuredmedia":[{"embeddable":true,"href":"https:\/\/www.prisjetimo.covermagazin.com\/index.php?rest_route=\/wp\/v2\/media\/2109"}],"wp:attachment":[{"href":"https:\/\/www.prisjetimo.covermagazin.com\/index.php?rest_route=%2Fwp%2Fv2%2Fmedia&parent=2108"}],"wp:term":[{"taxonomy":"category","embeddable":true,"href":"https:\/\/www.prisjetimo.covermagazin.com\/index.php?rest_route=%2Fwp%2Fv2%2Fcategories&post=2108"},{"taxonomy":"post_tag","embeddable":true,"href":"https:\/\/www.prisjetimo.covermagazin.com\/index.php?rest_route=%2Fwp%2Fv2%2Ftags&post=2108"}],"curies":[{"name":"wp","href":"https:\/\/api.w.org\/{rel}","templated":true}]}}