{"id":2273,"date":"2025-11-20T12:41:25","date_gmt":"2025-11-20T12:41:25","guid":{"rendered":"https:\/\/www.prisjetimo.covermagazin.com\/?p=2273"},"modified":"2025-11-20T12:41:25","modified_gmt":"2025-11-20T12:41:25","slug":"sveta-kata-snijeg-na-vrata-obicaji-i-tradicija-u-hrvatskoj","status":"publish","type":"post","link":"https:\/\/www.prisjetimo.covermagazin.com\/?p=2273","title":{"rendered":"Sveta Kata, snijeg na vrata: Obi\u010daji i tradicija u Hrvatskoj"},"content":{"rendered":"\n<figure class=\"wp-block-image size-large\"><a href=\"https:\/\/www.prisjetimo.covermagazin.com\/wp-content\/uploads\/2025\/11\/Sveta-Kata-snijeg-na-vrata.jpg\"><img loading=\"lazy\" decoding=\"async\" width=\"1024\" height=\"683\" src=\"https:\/\/www.prisjetimo.covermagazin.com\/wp-content\/uploads\/2025\/11\/Sveta-Kata-snijeg-na-vrata-1024x683.jpg\" alt=\"\" class=\"wp-image-2274\" srcset=\"https:\/\/www.prisjetimo.covermagazin.com\/wp-content\/uploads\/2025\/11\/Sveta-Kata-snijeg-na-vrata-1024x683.jpg 1024w, https:\/\/www.prisjetimo.covermagazin.com\/wp-content\/uploads\/2025\/11\/Sveta-Kata-snijeg-na-vrata-300x200.jpg 300w, https:\/\/www.prisjetimo.covermagazin.com\/wp-content\/uploads\/2025\/11\/Sveta-Kata-snijeg-na-vrata-768x512.jpg 768w, https:\/\/www.prisjetimo.covermagazin.com\/wp-content\/uploads\/2025\/11\/Sveta-Kata-snijeg-na-vrata.jpg 1200w\" sizes=\"auto, (max-width: 1024px) 100vw, 1024px\" \/><\/a><\/figure>\n\n\n\n<h2 class=\"wp-block-heading\">Sveta Kata, snijeg na vrata: Obi\u010daji i tradicija u Hrvatskoj<\/h2>\n\n\n\n<p>Blagdan Svete Katarine Aleksandrijske, poznatije kao Sveta Kata, slavi se 25. studenoga. U narodu je ovaj dan stolje\u0107ima bio va\u017ean prijelaz izme\u0111u jeseni i zime, a poznata izreka \u201eSveta Kata, snijeg na vrata\u201c i danas podsje\u0107a na dolazak hladnijih dana. Osim meteorolo\u0161ke simbolike, blagdan nosi bogatu duhovnu i kulturnu tradiciju.<\/p>\n\n\n\n<h2 class=\"wp-block-heading\">Tko je bila Sveta Katarina?<\/h2>\n\n\n\n<p>Prema predaji, Katarina je ro\u0111ena u Aleksandriji oko 282. godine. Bila je iznimno obrazovana i hrabra, a zbog svoje vjere podnijela je mu\u010deni\u010dku smrt. U umjetnosti se prikazuje s kota\u010dem, oru\u0111em mu\u010denja i palmom kao znakom mu\u010deni\u0161tva. Postala je za\u0161titnica djevojaka, u\u010ditelja, filozofa i znanstvenika.<\/p>\n\n\n\n<h2 class=\"wp-block-heading\">Pu\u010dki obi\u010daji i vjerovanja<\/h2>\n\n\n\n<p>U hrvatskoj tradiciji blagdan Svete Kate obilje\u017eava se na razli\u010dite na\u010dine:<\/p>\n\n\n\n<p><strong>Meteorolo\u0161ka izreka:<\/strong> \u201eSveta Kata, snijeg na vrata\u201c. Narod je vjerovao da upravo na njezin dan po\u010dinje prava zima.<\/p>\n\n\n\n<p><strong>Prestanak radova: <\/strong>U mnogim krajevima \u017eene su na taj dan prestajale s te\u017eim ku\u0107anskim poslovima, a poljoprivrednici su zavr\u0161avali jesenske radove.<\/p>\n\n\n\n<p><strong>Adventske pripreme:<\/strong> Od Svete Kate po\u010dinje vrijeme pripreme za Bo\u017ei\u0107. U nekim krajevima tada se po\u010dinju pjevati bo\u017ei\u0107ne pjesme i ukra\u0161avati domovi.<\/p>\n\n\n\n<p><strong>Molitve djevojaka: <\/strong>Djevojke su se molile svetici za dobar brak i obiteljsku sre\u0107u.<\/p>\n\n\n\n<h2 class=\"wp-block-heading\">Lokalni obi\u010daji u Hrvatskoj<\/h2>\n\n\n\n<p>Slavonija: U nekim selima na blagdan Svete Kate \u017eene nisu smjele plesti, \u0161ivati ili prati rublje. Vjerovalo se da bi to donijelo nesre\u0107u, odnosno da je na blagdane potreban odmor tijelu kako bi se mogle posvetiti onom duhovnom. Umjesto toga, okupljale su se na molitvi i dru\u017eenju.<\/p>\n\n\n\n<p><strong>Dalmacija:<\/strong> U priobalnim krajevima Sveta Kata bila je znak da se zavr\u0161ava berba maslina i priprema ulje za zimu.<\/p>\n\n\n\n<p><strong>Me\u0111imurje:<\/strong> Djeca su na taj dan dobivala prve bo\u017ei\u0107ne kola\u010di\u0107e, a obitelji su zajedno palile svije\u0107e u \u010dast svetice.<\/p>\n\n\n\n<p><strong>Karlova\u010dka \u017eupanija: <\/strong>U nekim mjestima obi\u010daj je bio da se na Sv. Katu okupljaju mladi i stariji na zajedni\u010dkom sijelu, uz pjesmu i pripovijedanje, \u010dime se obilje\u017eavao prijelaz u zimsko razdoblje.<\/p>\n\n\n\n<h2 class=\"wp-block-heading\">Dru\u0161tveni zna\u010daj<\/h2>\n\n\n\n<p>Sveta Kata je i danas va\u017ean dan u kalendaru, imendan slave sve <a href=\"https:\/\/www.covermagazin.com\/djeca\/?p=2438\">Katarine<\/a>, <a href=\"https:\/\/www.covermagazin.com\/djeca\/?p=3938\">Kate<\/a>, Kaje i izvedenice tog imena. Osim duhovnog zna\u010denja, blagdan je bio i prakti\u010dna granica izme\u0111u jesenskih radova i zimskog mirovanja, pa je imao veliku ulogu u \u017eivotu zajednice.<\/p>\n\n\n\n<p>Blagdan Svete Katarine 25. studenoga spaja legendu, vjeru i narodnu tradiciju. Ona je svetica koja simbolizira hrabrost i mudrost, a u hrvatskom pu\u010dkom kalendaru ozna\u010dava po\u010detak zime i priprema za Bo\u017ei\u0107. Lokalni obi\u010daji, od prestanka ku\u0107anskih poslova u Slavoniji, preko zavr\u0161etka berbe maslina u Dalmaciji, do zajedni\u010dkih sijela u Karlova\u010dkoj \u017eupaniji, svjedo\u010de o bogatstvu kulturne ba\u0161tine i povezanosti vjere s prirodnim ritmovima \u017eivota.<\/p>\n","protected":false},"excerpt":{"rendered":"<p>Sveta Kata, snijeg na vrata: Obi\u010daji i tradicija u Hrvatskoj Blagdan Svete Katarine Aleksandrijske, poznatije kao Sveta Kata, slavi se 25. studenoga. U narodu je ovaj dan stolje\u0107ima bio va\u017ean prijelaz izme\u0111u jeseni i zime, a poznata izreka \u201eSveta Kata, snijeg na vrata\u201c i danas podsje\u0107a na dolazak hladnijih dana. Osim meteorolo\u0161ke simbolike, blagdan nosi [&hellip;]<\/p>\n","protected":false},"author":1,"featured_media":2274,"comment_status":"open","ping_status":"open","sticky":false,"template":"","format":"standard","meta":{"footnotes":""},"categories":[1],"tags":[],"class_list":["post-2273","post","type-post","status-publish","format-standard","has-post-thumbnail","hentry","category-prisjetimo_se"],"_links":{"self":[{"href":"https:\/\/www.prisjetimo.covermagazin.com\/index.php?rest_route=\/wp\/v2\/posts\/2273","targetHints":{"allow":["GET"]}}],"collection":[{"href":"https:\/\/www.prisjetimo.covermagazin.com\/index.php?rest_route=\/wp\/v2\/posts"}],"about":[{"href":"https:\/\/www.prisjetimo.covermagazin.com\/index.php?rest_route=\/wp\/v2\/types\/post"}],"author":[{"embeddable":true,"href":"https:\/\/www.prisjetimo.covermagazin.com\/index.php?rest_route=\/wp\/v2\/users\/1"}],"replies":[{"embeddable":true,"href":"https:\/\/www.prisjetimo.covermagazin.com\/index.php?rest_route=%2Fwp%2Fv2%2Fcomments&post=2273"}],"version-history":[{"count":1,"href":"https:\/\/www.prisjetimo.covermagazin.com\/index.php?rest_route=\/wp\/v2\/posts\/2273\/revisions"}],"predecessor-version":[{"id":2275,"href":"https:\/\/www.prisjetimo.covermagazin.com\/index.php?rest_route=\/wp\/v2\/posts\/2273\/revisions\/2275"}],"wp:featuredmedia":[{"embeddable":true,"href":"https:\/\/www.prisjetimo.covermagazin.com\/index.php?rest_route=\/wp\/v2\/media\/2274"}],"wp:attachment":[{"href":"https:\/\/www.prisjetimo.covermagazin.com\/index.php?rest_route=%2Fwp%2Fv2%2Fmedia&parent=2273"}],"wp:term":[{"taxonomy":"category","embeddable":true,"href":"https:\/\/www.prisjetimo.covermagazin.com\/index.php?rest_route=%2Fwp%2Fv2%2Fcategories&post=2273"},{"taxonomy":"post_tag","embeddable":true,"href":"https:\/\/www.prisjetimo.covermagazin.com\/index.php?rest_route=%2Fwp%2Fv2%2Ftags&post=2273"}],"curies":[{"name":"wp","href":"https:\/\/api.w.org\/{rel}","templated":true}]}}