{"id":29,"date":"2009-12-16T19:28:49","date_gmt":"2009-12-16T18:28:49","guid":{"rendered":"http:\/\/znanost.covermagazin.com\/?p=29"},"modified":"2009-12-16T19:28:49","modified_gmt":"2009-12-16T18:28:49","slug":"u-ljeto-2014-godine-sjeverni-pol-mogao-bi-biti-gotovo-bez-leda","status":"publish","type":"post","link":"https:\/\/www.prisjetimo.covermagazin.com\/?p=29","title":{"rendered":"U ljeto 2014. godine Sjeverni pol mogao bi biti gotovo bez leda"},"content":{"rendered":"<h3>U ljeto 2014. godine Sjeverni pol mogao bi biti gotovo bez leda<\/h3>\n<p>Al Gore je kazao da nove ra\u010dunalne projekcije pokazuju da se polarne ledene kape tope znatno br\u017ee nego \u0161to se to \u010dinilo prije osam mjeseci.<\/p>\n<p>Najnovije ra\u010dunalne projekcije pokazuju da bi se za pet godina sav led na Arktiku mogao otopiti, kazao je sino\u0107 biv\u0161i ameri\u010dki potpredsjednik Al Gore na UN-ovoj konferenciji o klimi u koja se odr\u017eava u Kopenhagenu. Naglasio je da su ova predvi\u0111anja daleko pesimisti\u010dnija od onih koje je prije samo osam mjeseci objavila ameri\u010dka vladina agencija. Gore se prvi put pojavio na klimatskoj konferenciji, a uz njega su bili i skandinavski du\u017enosnici i znanstvenici koji su ovu priliku iskoristili za objavu rezultata svojih najnovijih istra\u017eivanja o topljenju leda na Grenlandu, Arktiku i Antarktici.<\/p>\n<p>Gore je upozorio da postoje 75-postotne \u0161anse da u ljeto 2014. godine Sjeverni pol bude gotovo potpuno bez leda.<\/p>\n","protected":false},"excerpt":{"rendered":"<p>U ljeto 2014. godine Sjeverni pol mogao bi biti gotovo bez leda Al Gore je kazao da nove ra\u010dunalne projekcije pokazuju da se polarne ledene kape tope znatno br\u017ee nego \u0161to se to \u010dinilo prije osam mjeseci. Najnovije ra\u010dunalne projekcije pokazuju da bi se za pet godina sav led na Arktiku mogao otopiti, kazao je [&hellip;]<\/p>\n","protected":false},"author":2,"featured_media":0,"comment_status":"open","ping_status":"open","sticky":false,"template":"","format":"standard","meta":{"footnotes":""},"categories":[135],"tags":[],"class_list":["post-29","post","type-post","status-publish","format-standard","hentry","category-novosti"],"_links":{"self":[{"href":"https:\/\/www.prisjetimo.covermagazin.com\/index.php?rest_route=\/wp\/v2\/posts\/29","targetHints":{"allow":["GET"]}}],"collection":[{"href":"https:\/\/www.prisjetimo.covermagazin.com\/index.php?rest_route=\/wp\/v2\/posts"}],"about":[{"href":"https:\/\/www.prisjetimo.covermagazin.com\/index.php?rest_route=\/wp\/v2\/types\/post"}],"author":[{"embeddable":true,"href":"https:\/\/www.prisjetimo.covermagazin.com\/index.php?rest_route=\/wp\/v2\/users\/2"}],"replies":[{"embeddable":true,"href":"https:\/\/www.prisjetimo.covermagazin.com\/index.php?rest_route=%2Fwp%2Fv2%2Fcomments&post=29"}],"version-history":[{"count":0,"href":"https:\/\/www.prisjetimo.covermagazin.com\/index.php?rest_route=\/wp\/v2\/posts\/29\/revisions"}],"wp:attachment":[{"href":"https:\/\/www.prisjetimo.covermagazin.com\/index.php?rest_route=%2Fwp%2Fv2%2Fmedia&parent=29"}],"wp:term":[{"taxonomy":"category","embeddable":true,"href":"https:\/\/www.prisjetimo.covermagazin.com\/index.php?rest_route=%2Fwp%2Fv2%2Fcategories&post=29"},{"taxonomy":"post_tag","embeddable":true,"href":"https:\/\/www.prisjetimo.covermagazin.com\/index.php?rest_route=%2Fwp%2Fv2%2Ftags&post=29"}],"curies":[{"name":"wp","href":"https:\/\/api.w.org\/{rel}","templated":true}]}}