{"id":3,"date":"2009-12-16T17:57:43","date_gmt":"2009-12-16T16:57:43","guid":{"rendered":"http:\/\/znanost.covermagazin.com\/?p=3"},"modified":"2009-12-16T17:57:43","modified_gmt":"2009-12-16T16:57:43","slug":"slaveni-u-renesansi-slobodana-p-novaka","status":"publish","type":"post","link":"https:\/\/www.prisjetimo.covermagazin.com\/?p=3","title":{"rendered":"Slaveni u renesansi Slobodana P. Novaka"},"content":{"rendered":"<h3>Slaveni u renesansi Slobodana P. Novaka<\/h3>\n<p>Knjiga Slaveni u renesansi Slobodana Prosperova Novaka predstavljena je danas u Matici hrvatskoj. Rije\u010d je o interdisciplinarnoj monografiji o Slavenima i njihovim nastojanjima u 15. i 16. stolje\u0107u da se pod utjecajem talijanske renesanse pribli\u017ee zapadnoeuropskim suvremenicima.<\/p>\n<p>Slobodan Prosperov Novak, povjesni\u010dar hrvatske knji\u017eevnosti, komparativist i teatrolog, na vi\u0161e od 800 stranica prikazuje to povijesno i umjetni\u010dko razdoblje u slavenskim narodima, od rane renesanse do manirizma kao njezine krizne, zav\u0161ne etape.<\/p>\n<p>Hrvatska uz Poljsku, u toj knjizi ima sjaj koji mo\u017eda ne bi imala da je prikazana sama, ocijenila je povjesni\u010darka umjetnosti \u017deljka \u010corak.<\/p>\n<p>Autor je s lako\u0107om i duhovito\u0161\u0107u napisao knjigu za one koje ne znaju dovoljno o Hrvatima i Slavenima, ali to \u0107e nam djelo otkriti i mnogo o nama samima, dodala je.<\/p>\n<p>Novakova knjiga pionirski je knji\u017eevno-povijesni pothvat, prvo tako opse\u017eno i iscrpno djelo u hrvatskoj historiografiji, u kojemu renesansna nije samo pojam povijesti umjetnosti nego i op\u0107e povijesti, ustvrdio je knji\u017eevni povjesni\u010dar Davor Duki\u0107.<\/p>\n<p>Rukopis je nastajao tijekom dva desetlje\u0107a, uglavnom u inozemstvu, od Rima, Praga, Krakova i Budimpe\u0161te do ameri\u010dkog sveu\u010dili\u0161ta Yale u New Havenu, gdje je Novak predavao nakon \u0161to je izba\u010den sa zagreba\u010dkog Filozofskog fakulteta.<\/p>\n","protected":false},"excerpt":{"rendered":"<p>Slaveni u renesansi Slobodana P. Novaka Knjiga Slaveni u renesansi Slobodana Prosperova Novaka predstavljena je danas u Matici hrvatskoj. Rije\u010d je o interdisciplinarnoj monografiji o Slavenima i njihovim nastojanjima u 15. i 16. stolje\u0107u da se pod utjecajem talijanske renesanse pribli\u017ee zapadnoeuropskim suvremenicima. Slobodan Prosperov Novak, povjesni\u010dar hrvatske knji\u017eevnosti, komparativist i teatrolog, na vi\u0161e od [&hellip;]<\/p>\n","protected":false},"author":2,"featured_media":0,"comment_status":"open","ping_status":"open","sticky":false,"template":"","format":"standard","meta":{"footnotes":""},"categories":[135],"tags":[],"class_list":["post-3","post","type-post","status-publish","format-standard","hentry","category-novosti"],"_links":{"self":[{"href":"https:\/\/www.prisjetimo.covermagazin.com\/index.php?rest_route=\/wp\/v2\/posts\/3","targetHints":{"allow":["GET"]}}],"collection":[{"href":"https:\/\/www.prisjetimo.covermagazin.com\/index.php?rest_route=\/wp\/v2\/posts"}],"about":[{"href":"https:\/\/www.prisjetimo.covermagazin.com\/index.php?rest_route=\/wp\/v2\/types\/post"}],"author":[{"embeddable":true,"href":"https:\/\/www.prisjetimo.covermagazin.com\/index.php?rest_route=\/wp\/v2\/users\/2"}],"replies":[{"embeddable":true,"href":"https:\/\/www.prisjetimo.covermagazin.com\/index.php?rest_route=%2Fwp%2Fv2%2Fcomments&post=3"}],"version-history":[{"count":0,"href":"https:\/\/www.prisjetimo.covermagazin.com\/index.php?rest_route=\/wp\/v2\/posts\/3\/revisions"}],"wp:attachment":[{"href":"https:\/\/www.prisjetimo.covermagazin.com\/index.php?rest_route=%2Fwp%2Fv2%2Fmedia&parent=3"}],"wp:term":[{"taxonomy":"category","embeddable":true,"href":"https:\/\/www.prisjetimo.covermagazin.com\/index.php?rest_route=%2Fwp%2Fv2%2Fcategories&post=3"},{"taxonomy":"post_tag","embeddable":true,"href":"https:\/\/www.prisjetimo.covermagazin.com\/index.php?rest_route=%2Fwp%2Fv2%2Ftags&post=3"}],"curies":[{"name":"wp","href":"https:\/\/api.w.org\/{rel}","templated":true}]}}