{"id":4,"date":"2010-02-10T16:01:41","date_gmt":"2010-02-10T16:01:41","guid":{"rendered":"http:\/\/www.prisjetimo.covermagazin.com\/?p=4"},"modified":"2024-10-16T09:10:19","modified_gmt":"2024-10-16T09:10:19","slug":"pandorina-kutija","status":"publish","type":"post","link":"https:\/\/www.prisjetimo.covermagazin.com\/?p=4","title":{"rendered":"Pandorina kutija"},"content":{"rendered":"\n<p><a href=\"http:\/\/www.prisjetimo.covermagazin.com\/wp-content\/uploads\/2010\/02\/pandora.jpg\"><img loading=\"lazy\" decoding=\"async\" class=\"alignnone size-full wp-image-5\" title=\"pandora\" src=\"http:\/\/www.prisjetimo.covermagazin.com\/wp-content\/uploads\/2010\/02\/pandora.jpg\" alt=\"\" width=\"120\" height=\"120\"><\/a><\/p>\n\n\n\n<h2 class=\"wp-block-heading\">Pandorina kutija<\/h2>\n\n\n\n<p>Pri\u010da o Pandorinoj kutiji zapravo je pri\u010da o postanku svijeta.<\/p>\n\n\n\n<p>Prema mitologiji dok su postojali jo\u0161 samo bogovi, vrhovni bog Zeus je povjerio Prometeju i njegovom bratu Epimeteju zadatak da stvore ljude.<\/p>\n\n\n\n<p>Prvo je Epimetej stvorio \u017eivotinje, pa pozva svog brata da i on ne\u0161to doda. Prometej nije oklijevao i stvori \u010dovjeka po uzoru na bogove.<\/p>\n\n\n\n<p>Zeusu se nije svidjelo to \u0161to ljudi sli\u010de na bogove, te odlu\u010di to promijeniti. A kako su dvojica bra\u0107e bili zadu\u017eena za stvaranje ljudi, nije se mogao izravno mije\u0161ati,&nbsp; pa zatra\u017ei od svoga sina Hefesta, koji je bio kova\u010d, da iskuje \u017eenu. Tako je nastala Pandora, na\u0161a pretkinja.<\/p>\n\n\n\n<p>Bila je prelijepa, ljubazna i vesela.&nbsp; Zeus ju je namijenio Epimeteju, koji se lako zaljubi u nju, a Zeus im je kao svadbeni dar dao kutiju punu bolesti, mana, patnje zlo\u0107e i sli\u010dnih stvari.<\/p>\n\n\n\n<p>Ni Pandora ni Epimetej nisu znali \u0161to je u kutiji, a Zeus im je naredio, uz smije\u0161ak, da nikad ne otvaraju taj poklon.<\/p>\n\n\n\n<p>Radoznala&nbsp; Pandora nije mogla odoljeti, a kada je otvorila kutiju sva su se zla rasula po zemlji.<\/p>\n\n\n\n<p>Poku\u0161ala ih je vratiti. Ali nije uspjela, ni\u0161ta osim nade i \u010de\u017enje.<\/p>\n","protected":false},"excerpt":{"rendered":"<p>Pri\u010da o Pandorinoj kutiji zapravo je pri\u010da o postanku svijeta.<\/p>\n","protected":false},"author":1,"featured_media":0,"comment_status":"open","ping_status":"open","sticky":false,"template":"","format":"standard","meta":{"footnotes":""},"categories":[157,1],"tags":[],"class_list":["post-4","post","type-post","status-publish","format-standard","hentry","category-mitovi-i-povijest","category-prisjetimo_se"],"_links":{"self":[{"href":"https:\/\/www.prisjetimo.covermagazin.com\/index.php?rest_route=\/wp\/v2\/posts\/4","targetHints":{"allow":["GET"]}}],"collection":[{"href":"https:\/\/www.prisjetimo.covermagazin.com\/index.php?rest_route=\/wp\/v2\/posts"}],"about":[{"href":"https:\/\/www.prisjetimo.covermagazin.com\/index.php?rest_route=\/wp\/v2\/types\/post"}],"author":[{"embeddable":true,"href":"https:\/\/www.prisjetimo.covermagazin.com\/index.php?rest_route=\/wp\/v2\/users\/1"}],"replies":[{"embeddable":true,"href":"https:\/\/www.prisjetimo.covermagazin.com\/index.php?rest_route=%2Fwp%2Fv2%2Fcomments&post=4"}],"version-history":[{"count":3,"href":"https:\/\/www.prisjetimo.covermagazin.com\/index.php?rest_route=\/wp\/v2\/posts\/4\/revisions"}],"predecessor-version":[{"id":1782,"href":"https:\/\/www.prisjetimo.covermagazin.com\/index.php?rest_route=\/wp\/v2\/posts\/4\/revisions\/1782"}],"wp:attachment":[{"href":"https:\/\/www.prisjetimo.covermagazin.com\/index.php?rest_route=%2Fwp%2Fv2%2Fmedia&parent=4"}],"wp:term":[{"taxonomy":"category","embeddable":true,"href":"https:\/\/www.prisjetimo.covermagazin.com\/index.php?rest_route=%2Fwp%2Fv2%2Fcategories&post=4"},{"taxonomy":"post_tag","embeddable":true,"href":"https:\/\/www.prisjetimo.covermagazin.com\/index.php?rest_route=%2Fwp%2Fv2%2Ftags&post=4"}],"curies":[{"name":"wp","href":"https:\/\/api.w.org\/{rel}","templated":true}]}}