{"id":418,"date":"2012-11-06T10:49:19","date_gmt":"2012-11-06T10:49:19","guid":{"rendered":"http:\/\/www.prisjetimo.covermagazin.com\/?p=418"},"modified":"2024-10-16T09:08:24","modified_gmt":"2024-10-16T09:08:24","slug":"sulejman-i-velicanstveni","status":"publish","type":"post","link":"https:\/\/www.prisjetimo.covermagazin.com\/?p=418","title":{"rendered":"Sulejman I. Veli\u010danstveni"},"content":{"rendered":"\n<p><a href=\"http:\/\/www.prisjetimo.covermagazin.com\/wp-content\/uploads\/2012\/11\/sulejman-0.jpg\"><img loading=\"lazy\" decoding=\"async\" title=\"sulejman-0\" src=\"http:\/\/www.prisjetimo.covermagazin.com\/wp-content\/uploads\/2012\/11\/sulejman-0.jpg\" alt=\"\" width=\"300\" height=\"220\"><\/a><\/p>\n\n\n\n<h2 class=\"wp-block-heading\">Sulejman I. Veli\u010danstveni &#8211; Tko je bio i kada ja vladao?<\/h2>\n\n\n\n<p>\u017divio je od 1494. (ili 1495.) do 1566. godine, a svoju vladavinu kao sultan Osmanskog carstva zapo\u010deo je 1520. godine, s 25 godina. Pod njegovim vodstvom Osmansko carstvo je doseglo svoj vrhunac.<\/p>\n\n\n\n<p>U svome carstvu je bio poznat kao pravedan vladar, Sulejman I. Zakonodavac. Uvodio je mnoge promjene, gradio mostove, d\u017eamije, knji\u017enice i mnoge druge kulturne objekte. Pridjev Veli\u010danstveni dobio je u Zapadnoj Europi.<\/p>\n\n\n\n<p>Kao mlad \u010dovjek sprijateljio se s Ibrahimom, robom koji mu je kasnije postao jedan od najzna\u010dajnijih savjetnika.<\/p>\n\n\n\n<p>S 25 godina, po smrti oca preuzima tron, a tada ga Bartolomeo Contarini, venecijanski pisac, opisuje \u201eOn ima 25 godina, visok je|\u2026|Ima malu bradu, pored svega ima veoma prijatan izgled,iako njegova boja ko\u017ee ipak naginje ka bijeloj. Govori se da je mudar vo\u0111a, ljubitelj u\u010denja, i svi ljudi o\u010dekuju samo dobro tokom njegove vladavine.\u201c<\/p>\n\n\n\n<h3 class=\"wp-block-heading\"><a href=\"http:\/\/www.prisjetimo.covermagazin.com\/wp-content\/uploads\/2012\/11\/sulejman-1.jpg\"><img loading=\"lazy\" decoding=\"async\" title=\"sulejman-1\" src=\"http:\/\/www.prisjetimo.covermagazin.com\/wp-content\/uploads\/2012\/11\/sulejman-1.jpg\" alt=\"\" width=\"300\" height=\"220\"><\/a><\/h3>\n\n\n\n<p>Nekada\u0161nja robinja, po imenu Roxelane (Aleksandra Lisowska), udala se za sultana Sulejmana I i postala njegov najzna\u010dajniji savjetnik. Sultanova supruga postala je 1533. godine. Sultan joj je po dolasku u njegov harem dao ime Hurem. Rodila mu je \u0161estoro djece. S te pozicije, izrasla je u najutjecajniju savjetnicu sultana odgurnuv\u0161i sve svoje konkurentice u stranu. Kako bi osigurala svoj utjecaj na sultana, rije\u0161ila se i njegovog najve\u0107eg prijatelja i zeta, velikog vezira Ibrahima. Nakon toga, pobrinula se da ni jedan veliki vezir vi\u0161e ne do\u0111e u poziciju kojom bi se njena mo\u0107 ugrozila.<\/p>\n\n\n\n<p>Njen sin Selim postao je sultan 1566. godine, nakon \u0161to je sultan Sulejman umro pod zidinama Sigeta za vrijeme opsade 1566.<\/p>\n\n\n\n<p>U to vrijeme Zrinski (tada\u0161nji gospodar Me\u0111imurja i zapovjednik Ma\u0111arske ju\u017eno od Dunava) je dobro opskrbio grad, te je prije velike i sudbonosne bitke tra\u017eio od svojih 2500 ratnika, koji su velikim dijelom bili Hrvati, da mu obe\u0107aju poslu\u0161nost i vjernost do smrti. Prije toga sam je prisegnuo ovim rije\u010dima: &#8220;Ja, Nikola knez Zrinski, obe\u0107avam najprije Bogu velikomu, zatim njegovu veli\u010danstvu, na\u0161emu sjajnomu vladaru i na\u0161oj ubogoj domovini i vama vitezovima da vas nikada ne\u0107u ostaviti, nego da \u0107u s vama \u017eivjeti i umrijeti, dobro i zlo podnijeti. Tako mi Bog pomogao!&#8221;<\/p>\n\n\n\n<p>Opsada Sigeta je po\u010dela 5. kolovoza i trajala je punih mjesec dana. Kako se sigetska posada juna\u010dki branila i pritom nanosila te\u0161ke gubitke turskoj vojsci, veliki vezir Sokolovi\u0107 poslao je Nikoli \u0160ubi\u0107u Zrinskom strelicu s pismom u kojem mu je obe\u0107ao da \u0107e mu darovati \u010ditavu Hrvatsku ako mu preda Siget. Malo poslije Sulejman \u0161alje dokaz Zrinskome da su mu zarobili najstarijeg sina Jurja u Me\u0111imurju, te tra\u017ei da mu preda grad ukoliko ga \u017eeli \u017eiva, a potom su poslali vi\u0161e pisama na hrvatskom, ma\u0111arskom i njema\u010dkom jeziku, u kojima su pozivali branitelje da uludo ne gube glave, nego neka se predaju pa \u0107e ih sultan jo\u0161 i nagraditi. Iako su znali da ne postoje nikakvi izgledi da im pristigne pomo\u0107, Zrinski i branitelji se nisu ni jednog trenutka pokolebali nego su ostali vjerni svojoj prisezi.<\/p>\n\n\n\n<p>Sultan Sulejman I. je iznenada umro 4. rujna, ali vezir Mehmed Sokolovi\u0107 vje\u0161to je zatajio njegovu smrt, da njegova iscrpljena vojska ne bi izgubila moral.<\/p>\n\n\n\n<p>Nakon \u0161to su 7. rujna vatrenim strijelama i loptama zapalili grad, Turci su o\u010dekivali predaju, ali Zrinski i pre\u017eivjeli junaci provalili su iz grada, te poginuli u borbi.<\/p>\n\n\n\n<figure class=\"wp-block-image\"><a href=\"http:\/\/www.prisjetimo.covermagazin.com\/wp-content\/uploads\/2012\/11\/sulejman-2.jpg\"><img decoding=\"async\" src=\"http:\/\/www.prisjetimo.covermagazin.com\/wp-content\/uploads\/2012\/11\/sulejman-2.jpg\" alt=\"\" class=\"wp-image-427\" title=\"sulejman-2\"\/><\/a><\/figure>\n\n\n\n<p>Spomenik Nikoli \u0160ubi\u0107u Zrinskom i Sulejmanu I.<\/p>\n\n\n\n<p>Preuzeto iz:<br>\nhttp:\/\/bs.wikipedia.org\/wiki\/Sulejman_I<br>\nhttp:\/\/hr.wikipedia.org\/wiki\/Bitka_kod_Sigeta<br>\nhttp:\/\/www.haber.ba\/showbiz\/televizija\/19125-sulejman-velicanstveni-ko-je-zapravo-bila-sultanija-hurem-foto.html<\/p>\n","protected":false},"excerpt":{"rendered":"<p>\u017divio je od 1494. (ili 1495.) do 1566. godine, a svoju vladavinu kao sultan Osmanskog carstva zapo\u010deo je 1520. godine, s 25 godina&#8230;<\/p>\n","protected":false},"author":1,"featured_media":0,"comment_status":"open","ping_status":"open","sticky":false,"template":"","format":"standard","meta":{"footnotes":""},"categories":[157,1],"tags":[],"class_list":["post-418","post","type-post","status-publish","format-standard","hentry","category-mitovi-i-povijest","category-prisjetimo_se"],"_links":{"self":[{"href":"https:\/\/www.prisjetimo.covermagazin.com\/index.php?rest_route=\/wp\/v2\/posts\/418","targetHints":{"allow":["GET"]}}],"collection":[{"href":"https:\/\/www.prisjetimo.covermagazin.com\/index.php?rest_route=\/wp\/v2\/posts"}],"about":[{"href":"https:\/\/www.prisjetimo.covermagazin.com\/index.php?rest_route=\/wp\/v2\/types\/post"}],"author":[{"embeddable":true,"href":"https:\/\/www.prisjetimo.covermagazin.com\/index.php?rest_route=\/wp\/v2\/users\/1"}],"replies":[{"embeddable":true,"href":"https:\/\/www.prisjetimo.covermagazin.com\/index.php?rest_route=%2Fwp%2Fv2%2Fcomments&post=418"}],"version-history":[{"count":9,"href":"https:\/\/www.prisjetimo.covermagazin.com\/index.php?rest_route=\/wp\/v2\/posts\/418\/revisions"}],"predecessor-version":[{"id":1771,"href":"https:\/\/www.prisjetimo.covermagazin.com\/index.php?rest_route=\/wp\/v2\/posts\/418\/revisions\/1771"}],"wp:attachment":[{"href":"https:\/\/www.prisjetimo.covermagazin.com\/index.php?rest_route=%2Fwp%2Fv2%2Fmedia&parent=418"}],"wp:term":[{"taxonomy":"category","embeddable":true,"href":"https:\/\/www.prisjetimo.covermagazin.com\/index.php?rest_route=%2Fwp%2Fv2%2Fcategories&post=418"},{"taxonomy":"post_tag","embeddable":true,"href":"https:\/\/www.prisjetimo.covermagazin.com\/index.php?rest_route=%2Fwp%2Fv2%2Ftags&post=418"}],"curies":[{"name":"wp","href":"https:\/\/api.w.org\/{rel}","templated":true}]}}