{"id":446,"date":"2009-12-16T19:03:58","date_gmt":"2009-12-16T18:03:58","guid":{"rendered":"http:\/\/znanost.covermagazin.com\/?p=16"},"modified":"2009-12-16T19:03:58","modified_gmt":"2009-12-16T18:03:58","slug":"u-njemackoj-su-prije-7-000-godina-zivjeli-ljudozderi","status":"publish","type":"post","link":"https:\/\/www.prisjetimo.covermagazin.com\/?p=446","title":{"rendered":"U Njema\u010dkoj su prije 7.000 godina \u017eivjeli ljudo\u017ederi"},"content":{"rendered":"<h3>U Njema\u010dkoj su prije 7.000 godina \u017eivjeli ljudo\u017ederi<\/h3>\n<p>Na jugozapadu Njema\u010dke arheolozi su prona\u0161li dokazi masovnog kanibalizma iz razdoblja ranog neolitika, prije 7.000 godina, pi\u0161e britanski list Antiquity, a prenosi BBC.<\/p>\n<p>List navodi da su u blizini sela Herxheima prona\u0111eni ostaci vi\u0161e od 500 ljudi, koji su mo\u017eda pojedeni. Naime, ti su ljudski ostaci &#8220;namjerno saka\u0107eni&#8221;, ka\u017eu arheolozi. Me\u0111u ostacima ima i kostiju djece, pa \u010dak i nero\u0111ene.<\/p>\n<p>Bruno Boulestin s francuskog Sveu\u010dili\u0161ta Bordeaux, BBC-u je kazao da su kosti namjerno sje\u010dene i lomljene, \u0161to su dokazi kanibalizma. Tvrdi i kako se na kostima vide znakovi termi\u010dke obrade, odnosno kuhanja, a na nekima se vidi i da su \u017evakane.<\/p>\n<p>Neki znanstvenici ipak odbijaju teoriju o kanibalizmu, te su ponudili tezu da je mo\u017eda rije\u010d o pogrebnim ritualima u kojima se meso odvaja od kostiju.<\/p>\n<p>Rani neolitik je razdoblje pojave poljoprivrede u Europi i arheolozi vjeruju da je kanibalizam bio iznimka, ne\u0161to \u0161to se mo\u017eda prakticiralo u vrijeme gladi.<\/p>\n","protected":false},"excerpt":{"rendered":"<p>U Njema\u010dkoj su prije 7.000 godina \u017eivjeli ljudo\u017ederi Na jugozapadu Njema\u010dke arheolozi su prona\u0161li dokazi masovnog kanibalizma iz razdoblja ranog neolitika, prije 7.000 godina, pi\u0161e britanski list Antiquity, a prenosi BBC. List navodi da su u blizini sela Herxheima prona\u0111eni ostaci vi\u0161e od 500 ljudi, koji su mo\u017eda pojedeni. Naime, ti su ljudski ostaci &#8220;namjerno [&hellip;]<\/p>\n","protected":false},"author":2,"featured_media":0,"comment_status":"open","ping_status":"open","sticky":false,"template":"","format":"standard","meta":{"footnotes":""},"categories":[135],"tags":[],"class_list":["post-446","post","type-post","status-publish","format-standard","hentry","category-novosti"],"_links":{"self":[{"href":"https:\/\/www.prisjetimo.covermagazin.com\/index.php?rest_route=\/wp\/v2\/posts\/446","targetHints":{"allow":["GET"]}}],"collection":[{"href":"https:\/\/www.prisjetimo.covermagazin.com\/index.php?rest_route=\/wp\/v2\/posts"}],"about":[{"href":"https:\/\/www.prisjetimo.covermagazin.com\/index.php?rest_route=\/wp\/v2\/types\/post"}],"author":[{"embeddable":true,"href":"https:\/\/www.prisjetimo.covermagazin.com\/index.php?rest_route=\/wp\/v2\/users\/2"}],"replies":[{"embeddable":true,"href":"https:\/\/www.prisjetimo.covermagazin.com\/index.php?rest_route=%2Fwp%2Fv2%2Fcomments&post=446"}],"version-history":[{"count":0,"href":"https:\/\/www.prisjetimo.covermagazin.com\/index.php?rest_route=\/wp\/v2\/posts\/446\/revisions"}],"wp:attachment":[{"href":"https:\/\/www.prisjetimo.covermagazin.com\/index.php?rest_route=%2Fwp%2Fv2%2Fmedia&parent=446"}],"wp:term":[{"taxonomy":"category","embeddable":true,"href":"https:\/\/www.prisjetimo.covermagazin.com\/index.php?rest_route=%2Fwp%2Fv2%2Fcategories&post=446"},{"taxonomy":"post_tag","embeddable":true,"href":"https:\/\/www.prisjetimo.covermagazin.com\/index.php?rest_route=%2Fwp%2Fv2%2Ftags&post=446"}],"curies":[{"name":"wp","href":"https:\/\/api.w.org\/{rel}","templated":true}]}}