{"id":454,"date":"2009-12-28T10:58:16","date_gmt":"2009-12-28T09:58:16","guid":{"rendered":"http:\/\/znanost.covermagazin.com\/?p=76"},"modified":"2009-12-28T10:58:16","modified_gmt":"2009-12-28T09:58:16","slug":"van-gogh-si-odrezao-uho-zbog-bratovih-zaruka","status":"publish","type":"post","link":"https:\/\/www.prisjetimo.covermagazin.com\/?p=454","title":{"rendered":"Van Gogh si odrezao uho zbog bratovih zaruka?"},"content":{"rendered":"<p>Prema najnovijim teorijama povijesni\u010dara umjetnosti Martina Bailey Vincent Van Gogh bio je iznimno vezan za brata Thea te je o njemu ovisio i emotivno i financijski.<\/p>\n<p>Prou\u010davaju\u0107i sliku &#8216;Mrtva priroda: Crta\u0107a daska s lukom&#8217; koja je naslikana neposredno nakon \u010dina samoranjavanja Bailey je otkrio da je na omotnici pisma novogodi\u0161nja markica koja je bila u prometu od sredine prosinca do Nove godine 1888\/1889, \u0161to se vremenski podudara sa zarukama Van Goghova brata Thea i njegove odabranice Johanne Bonger \u0161to je prema Baileyu vi\u0161e od slu\u010dajnosti.<\/p>\n<p>Teoriju je detaljno obrazlo\u017eio u magazinu The Art Newspaper pojasniv\u0161i da se umjetnik upla\u0161io da \u0107e izgubiti bratovu potporu.<\/p>\n<p>Druga, mnogo oznatija teorija o Van Goghovu odsijecanju uha jest da je \u010dinu prethodila sva\u0111a s Gauguinom, intimnim prijateljem, kojega je u neuravnote\u017eenom stanju napao britvom. Nakon \u0161to se osvijestio, kaznio se odrezav\u0161i vlastito uho.<\/p>\n","protected":false},"excerpt":{"rendered":"<p>Prema najnovijim teorijama povijesni\u010dara umjetnosti Martina Bailey Vincent Van Gogh bio je iznimno vezan za brata Thea te je o njemu ovisio i emotivno i financijski. Prou\u010davaju\u0107i sliku &#8216;Mrtva priroda: Crta\u0107a daska s lukom&#8217; koja je naslikana neposredno nakon \u010dina samoranjavanja Bailey je otkrio da je na omotnici pisma novogodi\u0161nja markica koja je bila u [&hellip;]<\/p>\n","protected":false},"author":2,"featured_media":0,"comment_status":"open","ping_status":"open","sticky":false,"template":"","format":"standard","meta":{"footnotes":""},"categories":[135],"tags":[],"class_list":["post-454","post","type-post","status-publish","format-standard","hentry","category-novosti"],"_links":{"self":[{"href":"https:\/\/www.prisjetimo.covermagazin.com\/index.php?rest_route=\/wp\/v2\/posts\/454","targetHints":{"allow":["GET"]}}],"collection":[{"href":"https:\/\/www.prisjetimo.covermagazin.com\/index.php?rest_route=\/wp\/v2\/posts"}],"about":[{"href":"https:\/\/www.prisjetimo.covermagazin.com\/index.php?rest_route=\/wp\/v2\/types\/post"}],"author":[{"embeddable":true,"href":"https:\/\/www.prisjetimo.covermagazin.com\/index.php?rest_route=\/wp\/v2\/users\/2"}],"replies":[{"embeddable":true,"href":"https:\/\/www.prisjetimo.covermagazin.com\/index.php?rest_route=%2Fwp%2Fv2%2Fcomments&post=454"}],"version-history":[{"count":0,"href":"https:\/\/www.prisjetimo.covermagazin.com\/index.php?rest_route=\/wp\/v2\/posts\/454\/revisions"}],"wp:attachment":[{"href":"https:\/\/www.prisjetimo.covermagazin.com\/index.php?rest_route=%2Fwp%2Fv2%2Fmedia&parent=454"}],"wp:term":[{"taxonomy":"category","embeddable":true,"href":"https:\/\/www.prisjetimo.covermagazin.com\/index.php?rest_route=%2Fwp%2Fv2%2Fcategories&post=454"},{"taxonomy":"post_tag","embeddable":true,"href":"https:\/\/www.prisjetimo.covermagazin.com\/index.php?rest_route=%2Fwp%2Fv2%2Ftags&post=454"}],"curies":[{"name":"wp","href":"https:\/\/api.w.org\/{rel}","templated":true}]}}