{"id":48,"date":"2010-03-31T07:10:36","date_gmt":"2010-03-31T07:10:36","guid":{"rendered":"http:\/\/www.prisjetimo.covermagazin.com\/?p=48"},"modified":"2024-10-16T09:09:32","modified_gmt":"2024-10-16T09:09:32","slug":"kineski-zid","status":"publish","type":"post","link":"https:\/\/www.prisjetimo.covermagazin.com\/?p=48","title":{"rendered":"Kineski zid"},"content":{"rendered":"\n<h3 class=\"wp-block-heading\">Kineski zid<\/h3>\n\n\n\n<p>Kineski zid se nalazi u sjevernoj Kini, a predstavlja skupinu obrambenih zidova s kulama. Sastoji se od vi\u0161e dijelova razli\u010dite starosti i na\u010dina gradnje. Dug je oko 7.000 km, no, du\u017einu je gotovo nemogu\u0107e to\u010dno odrediti budu\u0107i da se stalno otkrivaju novi dijelovi. Prosje\u010dna visina je 10 metara, a \u0161irina 9 metara. Stoga, nije \u010dudno \u0161to je obujmom i masom najve\u0107a gra\u0111evina na svijetu.<br>\n<a href=\"http:\/\/www.prisjetimo.covermagazin.com\/wp-content\/uploads\/2010\/03\/kineski-zid-1.jpg\"><img loading=\"lazy\" decoding=\"async\" class=\"alignnone size-full wp-image-49\" title=\"kineski zid 1\" src=\"http:\/\/www.prisjetimo.covermagazin.com\/wp-content\/uploads\/2010\/03\/kineski-zid-1.jpg\" alt=\"Kineski zid\" width=\"300\" height=\"300\" srcset=\"https:\/\/www.prisjetimo.covermagazin.com\/wp-content\/uploads\/2010\/03\/kineski-zid-1.jpg 300w, https:\/\/www.prisjetimo.covermagazin.com\/wp-content\/uploads\/2010\/03\/kineski-zid-1-150x150.jpg 150w\" sizes=\"auto, (max-width: 300px) 100vw, 300px\" \/><\/a><\/p>\n\n\n\n<p>Prvo su sagra\u0111eni dijelovi na sjeveru Kine kako bi za\u0161titili plodna polja te bolje kontrolirali trgovinu. Gradnja je trajala \u010dak 20 stolje\u0107a, zapo\u010dela u 3. stolje\u0107u prije Krista a zavr\u0161ila u 17. stolje\u0107u poslije Krista. Na svakih 200-ak metara podignuta je i promatra\u010dnica kako bi se neprijatelja \u0161to prije uo\u010dilo i naravno, \u0161to u\u010dinkovitije obranilo, stoga nije \u010dudno kako samo njih ima oko 20.000.<\/p>\n\n\n\n<p>U izgradnji su koristili kamen iz lokalnih nalazi\u0161ta te nabijenu zemlju.<\/p>\n\n\n\n<figure class=\"wp-block-image\"><a href=\"http:\/\/www.prisjetimo.covermagazin.com\/wp-content\/uploads\/2010\/03\/kineski-zid-2.jpg\"><img loading=\"lazy\" decoding=\"async\" width=\"300\" height=\"300\" src=\"http:\/\/www.prisjetimo.covermagazin.com\/wp-content\/uploads\/2010\/03\/kineski-zid-2.jpg\" alt=\"Kineski zid\" class=\"wp-image-50\" title=\"kineski zid 2\" srcset=\"https:\/\/www.prisjetimo.covermagazin.com\/wp-content\/uploads\/2010\/03\/kineski-zid-2.jpg 300w, https:\/\/www.prisjetimo.covermagazin.com\/wp-content\/uploads\/2010\/03\/kineski-zid-2-150x150.jpg 150w\" sizes=\"auto, (max-width: 300px) 100vw, 300px\" \/><\/a><\/figure>\n\n\n\n<p>U me\u0111uvremenu je postao simbolom nacionalnog jedinstva te najve\u0107a kineska turisti\u010dka atrakcija. Od 1970. godine otvoren je i za turisti\u010dke obilaske te ga posjeti oko 10 milijuna turista godi\u0161nje. Naj\u010de\u0161\u0107e se posje\u0107uju dijelovi Zida oko Pekinga.<\/p>\n\n\n\n<figure class=\"wp-block-image\"><a href=\"http:\/\/www.prisjetimo.covermagazin.com\/wp-content\/uploads\/2010\/03\/kineski-zid-3.jpg\"><img loading=\"lazy\" decoding=\"async\" width=\"300\" height=\"300\" src=\"http:\/\/www.prisjetimo.covermagazin.com\/wp-content\/uploads\/2010\/03\/kineski-zid-3.jpg\" alt=\"Kineski zid\" class=\"wp-image-51\" title=\"kineski zid 3\" srcset=\"https:\/\/www.prisjetimo.covermagazin.com\/wp-content\/uploads\/2010\/03\/kineski-zid-3.jpg 300w, https:\/\/www.prisjetimo.covermagazin.com\/wp-content\/uploads\/2010\/03\/kineski-zid-3-150x150.jpg 150w\" sizes=\"auto, (max-width: 300px) 100vw, 300px\" \/><\/a><\/figure>\n\n\n\n<p>Od 1987. Zid je pod za\u0161titom UNESCO-a, dok je 2007. godine Kineski zid ubrojen me\u0111u sedam novih svjetskih \u010duda. Budu\u0107i da je Zid stariji od 2.000 godina neki dijelovi su ru\u0161evni ili nestali, stoga, vlasti su donijele zakon koji zabranjuje va\u0111enje cigli, kamenja i gradnju ku\u0107a u blizini kako bi \u0161to bolje o\u010duvali Zid budu\u0107i da predstavlja jednu od najnevjerojatnijih gra\u0111evina koje je sagradio \u010dovjek.<\/p>\n\n\n\n<figure class=\"wp-block-image\"><a href=\"http:\/\/www.prisjetimo.covermagazin.com\/wp-content\/uploads\/2010\/03\/kineski-zid-4.jpg\"><img loading=\"lazy\" decoding=\"async\" width=\"300\" height=\"229\" src=\"http:\/\/www.prisjetimo.covermagazin.com\/wp-content\/uploads\/2010\/03\/kineski-zid-4-300x229.jpg\" alt=\"\" class=\"wp-image-52\" title=\"kineski zid 4\" srcset=\"https:\/\/www.prisjetimo.covermagazin.com\/wp-content\/uploads\/2010\/03\/kineski-zid-4-300x229.jpg 300w, https:\/\/www.prisjetimo.covermagazin.com\/wp-content\/uploads\/2010\/03\/kineski-zid-4.jpg 364w\" sizes=\"auto, (max-width: 300px) 100vw, 300px\" \/><\/a><\/figure>\n","protected":false},"excerpt":{"rendered":"<p>Kineski zid se nalazi u sjevernoj Kini, a predstavlja skupinu obrambenih zidova s kulama. <\/p>\n","protected":false},"author":1,"featured_media":0,"comment_status":"open","ping_status":"open","sticky":false,"template":"","format":"standard","meta":{"footnotes":""},"categories":[157,1],"tags":[],"class_list":["post-48","post","type-post","status-publish","format-standard","hentry","category-mitovi-i-povijest","category-prisjetimo_se"],"_links":{"self":[{"href":"https:\/\/www.prisjetimo.covermagazin.com\/index.php?rest_route=\/wp\/v2\/posts\/48","targetHints":{"allow":["GET"]}}],"collection":[{"href":"https:\/\/www.prisjetimo.covermagazin.com\/index.php?rest_route=\/wp\/v2\/posts"}],"about":[{"href":"https:\/\/www.prisjetimo.covermagazin.com\/index.php?rest_route=\/wp\/v2\/types\/post"}],"author":[{"embeddable":true,"href":"https:\/\/www.prisjetimo.covermagazin.com\/index.php?rest_route=\/wp\/v2\/users\/1"}],"replies":[{"embeddable":true,"href":"https:\/\/www.prisjetimo.covermagazin.com\/index.php?rest_route=%2Fwp%2Fv2%2Fcomments&post=48"}],"version-history":[{"count":7,"href":"https:\/\/www.prisjetimo.covermagazin.com\/index.php?rest_route=\/wp\/v2\/posts\/48\/revisions"}],"predecessor-version":[{"id":1774,"href":"https:\/\/www.prisjetimo.covermagazin.com\/index.php?rest_route=\/wp\/v2\/posts\/48\/revisions\/1774"}],"wp:attachment":[{"href":"https:\/\/www.prisjetimo.covermagazin.com\/index.php?rest_route=%2Fwp%2Fv2%2Fmedia&parent=48"}],"wp:term":[{"taxonomy":"category","embeddable":true,"href":"https:\/\/www.prisjetimo.covermagazin.com\/index.php?rest_route=%2Fwp%2Fv2%2Fcategories&post=48"},{"taxonomy":"post_tag","embeddable":true,"href":"https:\/\/www.prisjetimo.covermagazin.com\/index.php?rest_route=%2Fwp%2Fv2%2Ftags&post=48"}],"curies":[{"name":"wp","href":"https:\/\/api.w.org\/{rel}","templated":true}]}}