{"id":655,"date":"2025-03-14T08:11:55","date_gmt":"2025-03-14T08:11:55","guid":{"rendered":"http:\/\/www.prisjetimo.covermagazin.com\/?p=655"},"modified":"2026-04-02T05:33:38","modified_gmt":"2026-04-02T05:33:38","slug":"znate-li-kako-se-racuna-datum-uskrsa","status":"publish","type":"post","link":"https:\/\/www.prisjetimo.covermagazin.com\/?p=655","title":{"rendered":"Znate li kako se ra\u010duna datum Uskrsa"},"content":{"rendered":"\n<figure class=\"wp-block-image size-full\"><a href=\"https:\/\/www.prisjetimo.covermagazin.com\/wp-content\/uploads\/2022\/02\/kako-se-racuna-datum-uskrsa.jpg\"><img loading=\"lazy\" decoding=\"async\" width=\"600\" height=\"399\" src=\"https:\/\/www.prisjetimo.covermagazin.com\/wp-content\/uploads\/2022\/02\/kako-se-racuna-datum-uskrsa.jpg\" alt=\"\" class=\"wp-image-1449\" srcset=\"https:\/\/www.prisjetimo.covermagazin.com\/wp-content\/uploads\/2022\/02\/kako-se-racuna-datum-uskrsa.jpg 600w, https:\/\/www.prisjetimo.covermagazin.com\/wp-content\/uploads\/2022\/02\/kako-se-racuna-datum-uskrsa-300x200.jpg 300w\" sizes=\"auto, (max-width: 600px) 100vw, 600px\" \/><\/a><\/figure>\n\n\n\n<h2 class=\"wp-block-heading\">Znate li kako se ra\u010duna datum Uskrsa<\/h2>\n\n\n\n<p>Ra\u010dunanje datuma Uskrsa s jedne strane komplicirano je pitanje koje je istovremeno povezano s Pashom, zatim s uskla\u0111ivanjem solarne i lunarne godine, proljetnom ekvinociju, te Mjese\u010devim mijenama, ali s druge strane po\u010diva na sasvim jednostavnom pravilu koje je definirano jo\u0161 325. godine. <\/p>\n\n\n\n<h2 class=\"wp-block-heading\"><strong>Kako se odre\u0111uje datum Uskrsa<\/strong><\/h2>\n\n\n\n<p class=\"has-green-background-color has-background\"><strong>Prema pravilima Katoli\u010dke crkve, datum <a title=\"Uskrs\" href=\"https:\/\/www.prisjetimo.covermagazin.com\/?p=676\">Uskrsa<\/a> odre\u0111uje se kao prva nedjelja koja pada nakon 14. dana mladog mjeseca po\u010dev\u0161i s 21. o\u017eujkom. <\/strong>Ovako odre\u0111en datum mo\u017ee biti u rasponu izme\u0111u 21. o\u017eujka i 25. travnja, pa je zato Uskrs pomi\u010dni blagdan, ali u okviru prvih mjesec dana prolje\u0107a.<\/p>\n\n\n\n<h3 class=\"wp-block-heading\"><strong>Zbog \u010dega se Uskrs salvi u prolje\u0107e<\/strong><\/h3>\n\n\n\n<p>Prema Bibliji, Isusova muka, raspe\u0107e i uskrsnu\u0107e poklapa se sa \u017eidovskim blagdanom Pashe, koja se slavi na prvi Puni mjesec nakon proljetnog ekvinocija. <\/p>\n\n\n\n<p class=\"has-green-background-color has-background\"><em>Gledano povijesno, Isus je uskrsnuo prvu nedjelju nakon \u017eidovskog praznika Pashe. Me\u0111utim, kr\u0161\u0107ani nisu htjeli biti ovisni o \u017eidovskom blagdanu, pa su determinirali datum Uskrsa na drugi na\u010din.<\/em><\/p>\n\n\n\n<p>To je dovelo do toga da se odredi neko slu\u017ebeno pravilo od strane Katoli\u010dke crkve. To je napravljano 325 godine, kada je utvr\u0111en propis da se Uskrs slavi kao prva nedjelja koja pada nakon 14. dana mladog mjeseca po\u010dev\u0161i s 21. o\u017eujkom. Pojednostavljeno  to zna\u010di da Uskrs pada na prvu nedjelju nakon prvog Punog mjeseca koji se pojavi nakon proljetnog ekvinocija. Od tada pa sve do danas datum Uskrsa ovisi o polo\u017eaju Mjeseca i proljetnom Ekvinociju. Za one kr\u0161\u0107ane koji Uskrs slave prema julijanskom kalendaru (Pravoslavna crkva) vrijedi jo\u0161 i pravilo da Uskrs mora biti nakon Pashe, pa se zbog toga ponekad katoli\u010dki i pravoslavni Uskrs poklapaju, odnosno slave na isti dan. Sljede\u0107i put kada \u0107e do\u0107i do preklapanja se o\u010dekuje na prolje\u0107e 2025. godina (20.travnja)<\/p>\n\n\n\n<p>U me\u0111uvremenu su u Crkvi predlagane brojne reforme ra\u010dunanja datuma Uskrsa, ali za sada ni jedna nije prihva\u0107ena, te se datum Uskrsa i dalje odre\u0111uje na gore navedeni datum.<\/p>\n\n\n\n<h3 class=\"wp-block-heading\">Kada se Uskrs mo\u017ee proslaviti najranije, a kada najkasnije<\/h3>\n\n\n\n<p><em>Datum Uskrsa se proslavlja izme\u0111u 21. o\u017eujka, a najkasnije 25 travnja.<\/em><\/p>\n\n\n\n<p><strong>Najraniji Uskrsi <\/strong><\/p>\n\n\n\n<p>Uskrsi koji \u0107e se proslaviti najranije u kalendarskoj godini:<\/p>\n\n\n\n<p>Sljede\u0107i Uskrs koji \u0107e se slaviti 22. o\u017eujka je Uskrs 2285. a zatim Uskrs 2353.<\/p>\n\n\n\n<p>Sljede\u0107i Uskrs koji \u0107e se slaviti 23. o\u017eujka je 2160. a zatim Uskrs 2228. godine.<\/p>\n\n\n\n<p><strong>Kasni Uskrsi <\/strong><\/p>\n\n\n\n<p>Uskrsi koji \u0107e se proslaviti najkasnije u godini:<\/p>\n\n\n\n<p>Sljede\u0107i Uskrs koji \u0107e se slaviti 25. travnja je Uskrs 2038. godine, a zatim se ne\u0107e slaviti na ovaj datum sve do iza 25. stolje\u0107a.<\/p>\n\n\n\n<p>Sljede\u0107i Uskrs koji \u0107e se slaviti 24. travnja je Uskrs 2095. godine, a zatim Uskrs 2163. i Uskrs 2231.<\/p>\n\n\n\n<h2 class=\"wp-block-heading\"><strong>Definicije ra\u010dunanja Uskrsa<\/strong><\/h2>\n\n\n\n<p>\u010cesto \u0107ete pro\u010ditati kako se Uskrs kalkulira kao prva nedjelja iza Punog mjeseca nakon proljetnog ekvinocija (prvog dana prolje\u0107a), pa tako i u dijelu teksta iznad. Ova definicija  je jednostavnija i ljudima lak\u0161e pamtljiva (od pravila navedenog iznad kako se datum Uskrsa ra\u010duna kao prva nedjelja koja pada nakon 14. dana mladog mjeseca po\u010dev\u0161i s 21. o\u017eujkom) pa se zbog svojeg jednostavnijeg razumijevanja \u010desto koristi. Ipak, ova definicija je  pomalo zavaravaju\u0107a, iako to\u010dna,  jer sugerira kako se datum Uskrsa ra\u010duna prema nekim astronomskim kalkulacijama i proljetnim ekvinocijem, \u0161to nije u potpunosti to\u010dno, zbog toga bez obzira \u0161to je te\u017ee pamtljiva ipak treba koristiti izvornu definiciju koja je postavljena 325. na Prvom nicejskom saboru, koji je sazvao rimski car Konstantin I. Veliki kako bi razrije\u0161io pitanje neslaganja, poglavito u aleksandrijskoj Crkvi.<\/p>\n\n\n\n<p>Prema tom pojednostavljenom obja\u0161njenju <strong>Uskrs se slavi na prvu nedjelju koja dolazi nakon punog mjeseca koji dolazi nakon prvog dana prolje\u0107a, odnosno koji dolazi nakon proljetne ravnodnevnice<\/strong> &#8211; pojava kada Zemljina os nije nagnuta ni od ni prema Suncu, a sredi\u0161te Sunca se u tom trenutku nalazi u ravnini Zemljinog ekvatora.<\/p>\n\n\n\n<p class=\"has-green-background-color has-background\">Pravi odgovor na pitanje <strong>kako se ra\u010duna datum Uskrsa<\/strong> nije se mijenjao od 325. godine i definira Uskrs kao prvu nedjelju koja pada nakon 14. dana mladog mjeseca po\u010dev\u0161i s 21. o\u017eujkom <\/p>\n\n\n\n<p>Vezano &#8211; <a title=\"Uskrs\" href=\"https:\/\/www.prisjetimo.covermagazin.com\/?p=676\">Uskrs <\/a><\/p>\n\n\n\n<figure class=\"wp-block-embed is-type-wp-embed is-provider-vrijeme-amp-tradicija wp-block-embed-vrijeme-amp-tradicija\"><div class=\"wp-block-embed__wrapper\">\n<blockquote class=\"wp-embedded-content\" data-secret=\"XnExz3TXCL\"><a href=\"https:\/\/www.prisjetimo.covermagazin.com\/?p=676\">Uskrs: Za\u0161to ga slavimo i kako se pripremiti<\/a><\/blockquote><iframe loading=\"lazy\" class=\"wp-embedded-content\" sandbox=\"allow-scripts\" security=\"restricted\" style=\"position: absolute; visibility: hidden;\" title=\"&#8220;Uskrs: Za\u0161to ga slavimo i kako se pripremiti&#8221; &#8212; VRIJEME &amp; TRADICIJA\" src=\"https:\/\/www.prisjetimo.covermagazin.com\/?p=676&#038;embed=true#?secret=9dRSMUi6pt#?secret=XnExz3TXCL\" data-secret=\"XnExz3TXCL\" width=\"500\" height=\"282\" frameborder=\"0\" marginwidth=\"0\" marginheight=\"0\" scrolling=\"no\"><\/iframe>\n<\/div><\/figure>\n\n\n\n<p><a href=\"https:\/\/www.prisjetimo.covermagazin.com\/?p=1063\">Uskrs 2025.<\/a><\/p>\n\n\n\n<figure class=\"wp-block-embed is-type-wp-embed is-provider-vrijeme-amp-tradicija wp-block-embed-vrijeme-amp-tradicija\"><div class=\"wp-block-embed__wrapper\">\n<blockquote class=\"wp-embedded-content\" data-secret=\"DViipVZaoy\"><a href=\"https:\/\/www.prisjetimo.covermagazin.com\/?p=1063\">Uskrs 2025. datum<\/a><\/blockquote><iframe loading=\"lazy\" class=\"wp-embedded-content\" sandbox=\"allow-scripts\" security=\"restricted\" style=\"position: absolute; visibility: hidden;\" title=\"&#8220;Uskrs 2025. datum&#8221; &#8212; VRIJEME &amp; TRADICIJA\" src=\"https:\/\/www.prisjetimo.covermagazin.com\/?p=1063&#038;embed=true#?secret=MKMMoYnjQv#?secret=DViipVZaoy\" data-secret=\"DViipVZaoy\" width=\"500\" height=\"282\" frameborder=\"0\" marginwidth=\"0\" marginheight=\"0\" scrolling=\"no\"><\/iframe>\n<\/div><\/figure>\n\n\n\n<p><\/p>\n","protected":false},"excerpt":{"rendered":"<p>Znate li kako se ra\u010duna datum Uskrsa Ra\u010dunanje datuma Uskrsa s jedne strane komplicirano je pitanje koje je istovremeno povezano s Pashom, zatim s uskla\u0111ivanjem solarne i lunarne godine, proljetnom ekvinociju, te Mjese\u010devim mijenama, ali s druge strane po\u010diva na sasvim jednostavnom pravilu koje je definirano jo\u0161 325. godine. Kako se odre\u0111uje datum Uskrsa Prema [&hellip;]<\/p>\n","protected":false},"author":1,"featured_media":1449,"comment_status":"open","ping_status":"open","sticky":false,"template":"","format":"standard","meta":{"footnotes":""},"categories":[153,1],"tags":[],"class_list":["post-655","post","type-post","status-publish","format-standard","has-post-thumbnail","hentry","category-katolicki-uskrs","category-prisjetimo_se"],"_links":{"self":[{"href":"https:\/\/www.prisjetimo.covermagazin.com\/index.php?rest_route=\/wp\/v2\/posts\/655","targetHints":{"allow":["GET"]}}],"collection":[{"href":"https:\/\/www.prisjetimo.covermagazin.com\/index.php?rest_route=\/wp\/v2\/posts"}],"about":[{"href":"https:\/\/www.prisjetimo.covermagazin.com\/index.php?rest_route=\/wp\/v2\/types\/post"}],"author":[{"embeddable":true,"href":"https:\/\/www.prisjetimo.covermagazin.com\/index.php?rest_route=\/wp\/v2\/users\/1"}],"replies":[{"embeddable":true,"href":"https:\/\/www.prisjetimo.covermagazin.com\/index.php?rest_route=%2Fwp%2Fv2%2Fcomments&post=655"}],"version-history":[{"count":22,"href":"https:\/\/www.prisjetimo.covermagazin.com\/index.php?rest_route=\/wp\/v2\/posts\/655\/revisions"}],"predecessor-version":[{"id":2327,"href":"https:\/\/www.prisjetimo.covermagazin.com\/index.php?rest_route=\/wp\/v2\/posts\/655\/revisions\/2327"}],"wp:featuredmedia":[{"embeddable":true,"href":"https:\/\/www.prisjetimo.covermagazin.com\/index.php?rest_route=\/wp\/v2\/media\/1449"}],"wp:attachment":[{"href":"https:\/\/www.prisjetimo.covermagazin.com\/index.php?rest_route=%2Fwp%2Fv2%2Fmedia&parent=655"}],"wp:term":[{"taxonomy":"category","embeddable":true,"href":"https:\/\/www.prisjetimo.covermagazin.com\/index.php?rest_route=%2Fwp%2Fv2%2Fcategories&post=655"},{"taxonomy":"post_tag","embeddable":true,"href":"https:\/\/www.prisjetimo.covermagazin.com\/index.php?rest_route=%2Fwp%2Fv2%2Ftags&post=655"}],"curies":[{"name":"wp","href":"https:\/\/api.w.org\/{rel}","templated":true}]}}