{"id":7,"date":"2010-02-10T16:03:00","date_gmt":"2010-02-10T16:03:00","guid":{"rendered":"http:\/\/www.prisjetimo.covermagazin.com\/?p=7"},"modified":"2024-10-16T09:10:09","modified_gmt":"2024-10-16T09:10:09","slug":"mit-o-edipu","status":"publish","type":"post","link":"https:\/\/www.prisjetimo.covermagazin.com\/?p=7","title":{"rendered":"Mit o Edipu"},"content":{"rendered":"<h3><a href=\"http:\/\/www.prisjetimo.covermagazin.com\/wp-content\/uploads\/2010\/02\/edip.jpg\"><img loading=\"lazy\" decoding=\"async\" class=\"alignnone size-full wp-image-8\" title=\"edip\" src=\"http:\/\/www.prisjetimo.covermagazin.com\/wp-content\/uploads\/2010\/02\/edip.jpg\" alt=\"\" width=\"120\" height=\"120\" \/><\/a><\/h3>\n<h3>Mit o Edipu<\/h3>\n<p>Edipov otac, Laj, prognan je u Elidu gdje je ugrabio Pelopsova sina dok ga je u\u010dio voziti bojna kola. Nakon toga proro\u010dica je upozorila Laja da \u0107e umrijeti od ruke svoga sina, a da \u0107e se njegov vlastiti sin o\u017eeniti njegovom \u017eenom.<\/p>\n<p>Zbog toga on, kada mu se rodio sin, Edip, odvede sina na goru Kiteron, probije mu stopala klinom kako ne bi mogao pobje\u0107i, te kako bi na gori oti\u0161ao u sigurnu smrt. Ipak, dijete su prona\u0161li pastiri Korinskog kralja Poliba koji nije imao djece. Polib ga usvoji i nazva EDIP \u0161to zna\u010di ote\u010denih nogu, zbog njegovih ranjenih stopala.<\/p>\n<p>Kada je odrastao neki mu se pijanac naruga kako nije pravi sin svoga oca. Na to Edip ode u Delfijsko proro\u010di\u0161te da dozna istinu. Tamo sazna da \u0107e se o\u017eeniti vlastitom majkom i ubiti oca. Kako bi to izbjegao, Edip odlu\u010di kako se nikad ne\u0107e vratiti u Korint i zaputi se u Tebi.<\/p>\n<p>Na putu ga presti\u017ee neki starac u ko\u010diji i stjera s puta. U nastaloj prepirki Edip ga ubije.<\/p>\n<p>Stigav\u0161i u grad vidje da je grad pod terorom Sfinge (Daviteljice). Edip rije\u0161i njenu zagonetku, oslobodi grad i posta kralj umjesto Laja, kojeg su navodno na putu ubili razbojnici.\u00a0 Edip se o\u017eeni njegovom udovicom Jukastom koja mu rodi dva sina i svi k\u0107eri.<\/p>\n<p>Kada su saznali tko je Edip zaista, te da je se o\u017eenio vlastitom majkom, Jokasta po\u010dini samoubojstvo, a Edip se oslijepi.<\/p>\n<p>Kada su Edipovi sinovi odrasli po\u010deli su se sva\u0111ati oko kraljevstva.<\/p>\n<p>Edip ih prokle\u00a0 i ode u Atenu gdje je i umro. Njegovo pokopano tijelo\u00a0 branilo je granicu od Tibetanaca koji su ga odbacili&#8230;<\/p>\n","protected":false},"excerpt":{"rendered":"<p>Edipov otac, Laj, prognan je u Elidu gdje je ugrabio Pelopsova sina dok ga je u\u010dio voziti bojna kola. <\/p>\n","protected":false},"author":1,"featured_media":0,"comment_status":"open","ping_status":"open","sticky":false,"template":"","format":"standard","meta":{"footnotes":""},"categories":[157,1],"tags":[],"class_list":["post-7","post","type-post","status-publish","format-standard","hentry","category-mitovi-i-povijest","category-prisjetimo_se"],"_links":{"self":[{"href":"https:\/\/www.prisjetimo.covermagazin.com\/index.php?rest_route=\/wp\/v2\/posts\/7","targetHints":{"allow":["GET"]}}],"collection":[{"href":"https:\/\/www.prisjetimo.covermagazin.com\/index.php?rest_route=\/wp\/v2\/posts"}],"about":[{"href":"https:\/\/www.prisjetimo.covermagazin.com\/index.php?rest_route=\/wp\/v2\/types\/post"}],"author":[{"embeddable":true,"href":"https:\/\/www.prisjetimo.covermagazin.com\/index.php?rest_route=\/wp\/v2\/users\/1"}],"replies":[{"embeddable":true,"href":"https:\/\/www.prisjetimo.covermagazin.com\/index.php?rest_route=%2Fwp%2Fv2%2Fcomments&post=7"}],"version-history":[{"count":6,"href":"https:\/\/www.prisjetimo.covermagazin.com\/index.php?rest_route=\/wp\/v2\/posts\/7\/revisions"}],"predecessor-version":[{"id":323,"href":"https:\/\/www.prisjetimo.covermagazin.com\/index.php?rest_route=\/wp\/v2\/posts\/7\/revisions\/323"}],"wp:attachment":[{"href":"https:\/\/www.prisjetimo.covermagazin.com\/index.php?rest_route=%2Fwp%2Fv2%2Fmedia&parent=7"}],"wp:term":[{"taxonomy":"category","embeddable":true,"href":"https:\/\/www.prisjetimo.covermagazin.com\/index.php?rest_route=%2Fwp%2Fv2%2Fcategories&post=7"},{"taxonomy":"post_tag","embeddable":true,"href":"https:\/\/www.prisjetimo.covermagazin.com\/index.php?rest_route=%2Fwp%2Fv2%2Ftags&post=7"}],"curies":[{"name":"wp","href":"https:\/\/api.w.org\/{rel}","templated":true}]}}