{"id":71,"date":"2025-01-14T13:01:18","date_gmt":"2025-01-14T13:01:18","guid":{"rendered":"http:\/\/www.prisjetimo.covermagazin.com\/?p=71"},"modified":"2025-01-24T12:01:23","modified_gmt":"2025-01-24T12:01:23","slug":"majcin-dan","status":"publish","type":"post","link":"https:\/\/www.prisjetimo.covermagazin.com\/?p=71","title":{"rendered":"Maj\u010din dan: Kako obilje\u017eiti Maj\u010din dan i odabrati pravi poklon"},"content":{"rendered":"\n<figure class=\"wp-block-image size-large\"><a href=\"https:\/\/www.prisjetimo.covermagazin.com\/wp-content\/uploads\/2021\/05\/majcin-dan.jpg\"><img decoding=\"async\" src=\"https:\/\/www.prisjetimo.covermagazin.com\/wp-content\/uploads\/2021\/05\/majcin-dan.jpg\" alt=\"Maj\u010din dan - Kako obilje\u017eiti maj\u010din dan i odabrati pravi poklon\" class=\"wp-image-1325\"\/><\/a><\/figure>\n\n\n\n<h2 class=\"wp-block-heading\">Maj\u010din dan <\/h2>\n\n\n\n<p><a href=\"https:\/\/www.prisjetimo.covermagazin.com\/?p=1310\">Maj\u010din dan<\/a> je utemeljila Anna Jarvis iz Philadelphije 1877. koja je okupila ameri\u010dke majke te se izborila da se svake godine, druge nedjelje u svibnju odaje po\u010dast svim majkama na Zemlji.<\/p>\n\n\n\n<p>Kada je ona umrla, njena k\u0107er (tako\u0111er Anna) je u njenu \u010dast organizirala kampanju kao spomen na \u017eivot i djelo svoje majke te se zalagala da je politi\u010dari podr\u017ee u osnivanju praznika posve\u0107enog majkama.<\/p>\n\n\n\n<p>Kao za\u0161titni znak uzela je cvijet koji je njena majka obo\u017eavala \u2013 <strong>bijeli karanfil.<\/strong><\/p>\n\n\n\n<figure class=\"wp-block-image\"><a href=\"http:\/\/www.prisjetimo.covermagazin.com\/wp-content\/uploads\/2010\/05\/Anna-Jarvis.jpg\"><img decoding=\"async\" src=\"http:\/\/www.prisjetimo.covermagazin.com\/wp-content\/uploads\/2010\/05\/Anna-Jarvis-300x182.jpg\" alt=\"\" class=\"wp-image-73\" title=\"Anna Jarvis\"\/><\/a><\/figure>\n\n\n\n<p>No, \u010dak i prije ameri\u010dkih aktivistkinja majkama su razna slavlja prire\u0111ivali Grci i Rimljani, a u 17. stolje\u0107u engleske majke su imale slobodnu neradnu nedjelju u svibnju.<\/p>\n\n\n\n<p>1913. godine ameri\u010dka vlada je donijela rezoluciju kojom se 08. svibnja progla\u0161ava Maj\u010dinim danom, a bijeli karanfil postaje cvijet svih majki.<\/p>\n\n\n\n<figure class=\"wp-block-image\"><a href=\"http:\/\/www.prisjetimo.covermagazin.com\/wp-content\/uploads\/2010\/05\/bijeli-karafil.jpg\"><img decoding=\"async\" src=\"http:\/\/www.prisjetimo.covermagazin.com\/wp-content\/uploads\/2010\/05\/bijeli-karafil.jpg\" alt=\"\" class=\"wp-image-74\" title=\"bijeli karafil\"\/><\/a><\/figure>\n\n\n\n<p>Svrha Maj\u010dina dana je da te druge nedjelje u svibnju aktivnije razmi\u0161ljamo o na\u0161im majkama, probudimo ljubav i zahvalnost za sve \u0161to su u\u010dinile za nas.<\/p>\n\n\n\n<p>Vrlo je va\u017eno da bez obzira na samostalnost odr\u017eavamo kontakte s majkama, a posebno na ovaj dan poka\u017eemo koliko nam je va\u017ena u \u017eivotu.<\/p>\n\n\n\n<figure class=\"wp-block-image\"><a href=\"http:\/\/www.prisjetimo.covermagazin.com\/wp-content\/uploads\/2010\/05\/majcin-dan-2.jpg\"><img decoding=\"async\" src=\"http:\/\/www.prisjetimo.covermagazin.com\/wp-content\/uploads\/2010\/05\/majcin-dan-2.jpg\" alt=\"\" class=\"wp-image-75\" title=\"majcin dan 2\"\/><\/a><\/figure>\n\n\n\n<p><a href=\"https:\/\/www.prisjetimo.covermagazin.com\/?p=1310\">Maj\u010din dan 2024. \u2013 datum, \u010destitke, stihovi i tradicija \u2013 <\/a><\/p>\n\n\n\n<figure class=\"wp-block-embed is-type-wp-embed is-provider-prisjetimo-se wp-block-embed-prisjetimo-se\"><div class=\"wp-block-embed__wrapper\">\n<blockquote class=\"wp-embedded-content\" data-secret=\"K4sOipKKGS\"><a href=\"https:\/\/www.prisjetimo.covermagazin.com\/?p=1310\">Maj\u010din dan 2025. &#8211; datum, \u010destitke, stihovi i tradicija<\/a><\/blockquote><iframe loading=\"lazy\" class=\"wp-embedded-content\" sandbox=\"allow-scripts\" security=\"restricted\" style=\"position: absolute; visibility: hidden;\" title=\"&#8220;Maj\u010din dan 2025. &#8211; datum, \u010destitke, stihovi i tradicija&#8221; &#8212; Prisjetimo se\" src=\"https:\/\/www.prisjetimo.covermagazin.com\/?p=1310&#038;embed=true#?secret=MIYqBuNRsf#?secret=K4sOipKKGS\" data-secret=\"K4sOipKKGS\" width=\"500\" height=\"282\" frameborder=\"0\" marginwidth=\"0\" marginheight=\"0\" scrolling=\"no\"><\/iframe>\n<\/div><\/figure>\n\n\n\n<h3 class=\"wp-block-heading\">Kako obilje\u017eiti Maj\u010din dan i odabrati pravi poklon <\/h3>\n\n\n\n<p>Nakon te\u0161ke protekle godine kada smo se s majkama (posebno onim starijim) vi\u0111ali vrlo rijetko, ovaj Maj\u010din dan prilika je da nadoknadimo propu\u0161teno. Ovaj Maj\u010din dan va\u017eniji je nego i jedan prije.<\/p>\n\n\n\n<p>Ovo je mo\u017eda jedan od rijetkih praznika koji ima toliko zna\u010denja, a nije se previ\u0161e komercijalizirao, te da biste ga prikladno obilje\u017eili nije potrebno potro\u0161iti mnogo novaca. &nbsp;Buket cvije\u0107a, \u010dokolada ili \u010dak samo poziv ili poruka sasvim su dovoljni da svojoj majci poka\u017eete koliko vam je stalo. <\/p>\n\n\n\n<p>Najbolji poklon \u0107ete odabrati za svoju majku, ako umjesto da gledate kataloge s poklonima, gledate u svoju majku. Mo\u017eete pokloniti i ne\u0161to sentimentalno ili prakti\u010dno. Me\u0111u prakti\u010dne poklone mo\u017ee biti sve za dom i vrt, a sentimentalne vrijeme i sve ono \u0161to ste ru\u010dno i puni srca izradili. <\/p>\n\n\n\n<p> Nije fora ako pitate mamu &#8220;\u0161to bi htjela raditi za Maj\u010din dan?&#8221;. Bolji efekt \u0107ete posti\u0107i ako malo istra\u017eite i dobro razmislite. &nbsp;<\/p>\n\n\n\n<p>Ukoliko va\u0161a majka voli biti okru\u017eena s obitelji i unucima, ru\u010dak \u0107e biti najbolji poklon. Dru\u017eenje s obitelji u kojem \u0107e va\u0161a majka biti glavna zvijezda okru\u017eena djecom i unucima koji ju obo\u017eavaju, prekrasan je poklon koji \u0107e dirnuti svaku majku. Posebno napravite li neo\u010dekivani &#8220;tulum&#8221; iznena\u0111enja.<\/p>\n\n\n\n<p>Osim zajedni\u010dkog ru\u010dka dobra opcija je napisati zahvalu ili pjesmu. Ukoliko niste vje\u0161ti sa stihovima, mo\u017eete prona\u0107i neku pjesmu koja govori o majkama i prepisati je. Ukoliko imate djecu, ona vam mogu pomo\u0107i u pisanju pjesme. Na taj na\u010din osim \u0161to kreiraju divan poklon za va\u0161u majku, stvaraju i tradiciju i u\u010de cijeniti ovaj poseban dan &#8211; Maj\u010din dan.<\/p>\n\n\n\n<p>Dobar poklon je i pokloniti majci svoje vrijeme ili trud. Postoji li ne\u0161to \u0161to va\u0161a majka \u017eeli. Mo\u017eda joj mo\u017eete pomo\u0107i \u010distiti, preurediti dom ili neku prostoriju u domu. Mo\u017eda mo\u017eete majci pomo\u0107i da napokon u dvori\u0161tu napravi mini vrt ili zasaditi dugo pri\u017eeljkivano balkonsko cvije\u0107e. Maj\u010din dan je odli\u010dna prilika da se odrade neki poslovi koje dugo odga\u0111ate, a razveselit \u0107e va\u0161u majku.<\/p>\n\n\n\n<p>Jo\u0161 jedan dobar poklon je da malo &#8220;podebljate&#8221; ono \u0161to ina\u010de radite ili kupujete za svoju majku. Ako \u010desto kupujete majci odje\u0107u, ovaj put kupite ne\u0161to luksuzniji brend ili komplet odje\u0107e.<\/p>\n\n\n\n<p>Odli\u010dan poklon me\u0111u onim skupljim je i pametna narukvica. Narukvica koja \u0107e mjeriti korake, otkucaje srca, a mo\u017eda i tlak, odli\u010dan je poklon koji mo\u017eete pokloniti va\u0161oj majci, a da ujedno razveselite i sebe, jer znate da \u0107e se va\u0161a majka potruditi zdravije \u017eivjeti i pratiti neke osnovne zdravstvene smjernice. <\/p>\n\n\n\n<p>Naravno i jednostavan buket cvije\u0107a je prekrasan poklon. Kao i \u010dokolada. Ovo su pokloni s kojima nikada ne mo\u017eete pogrije\u0161iti. <\/p>\n","protected":false},"excerpt":{"rendered":"<p>Maj\u010din dan Maj\u010din dan je utemeljila Anna Jarvis iz Philadelphije 1877. koja je okupila ameri\u010dke majke te se izborila da se svake godine, druge nedjelje u svibnju odaje po\u010dast svim majkama na Zemlji. Kada je ona umrla, njena k\u0107er (tako\u0111er Anna) je u njenu \u010dast organizirala kampanju kao spomen na \u017eivot i djelo svoje majke [&hellip;]<\/p>\n","protected":false},"author":1,"featured_media":0,"comment_status":"open","ping_status":"open","sticky":false,"template":"","format":"standard","meta":{"footnotes":""},"categories":[152,1],"tags":[],"class_list":["post-71","post","type-post","status-publish","format-standard","hentry","category-dani-koje-obiljezavamo","category-prisjetimo_se"],"_links":{"self":[{"href":"https:\/\/www.prisjetimo.covermagazin.com\/index.php?rest_route=\/wp\/v2\/posts\/71","targetHints":{"allow":["GET"]}}],"collection":[{"href":"https:\/\/www.prisjetimo.covermagazin.com\/index.php?rest_route=\/wp\/v2\/posts"}],"about":[{"href":"https:\/\/www.prisjetimo.covermagazin.com\/index.php?rest_route=\/wp\/v2\/types\/post"}],"author":[{"embeddable":true,"href":"https:\/\/www.prisjetimo.covermagazin.com\/index.php?rest_route=\/wp\/v2\/users\/1"}],"replies":[{"embeddable":true,"href":"https:\/\/www.prisjetimo.covermagazin.com\/index.php?rest_route=%2Fwp%2Fv2%2Fcomments&post=71"}],"version-history":[{"count":27,"href":"https:\/\/www.prisjetimo.covermagazin.com\/index.php?rest_route=\/wp\/v2\/posts\/71\/revisions"}],"predecessor-version":[{"id":2054,"href":"https:\/\/www.prisjetimo.covermagazin.com\/index.php?rest_route=\/wp\/v2\/posts\/71\/revisions\/2054"}],"wp:attachment":[{"href":"https:\/\/www.prisjetimo.covermagazin.com\/index.php?rest_route=%2Fwp%2Fv2%2Fmedia&parent=71"}],"wp:term":[{"taxonomy":"category","embeddable":true,"href":"https:\/\/www.prisjetimo.covermagazin.com\/index.php?rest_route=%2Fwp%2Fv2%2Fcategories&post=71"},{"taxonomy":"post_tag","embeddable":true,"href":"https:\/\/www.prisjetimo.covermagazin.com\/index.php?rest_route=%2Fwp%2Fv2%2Ftags&post=71"}],"curies":[{"name":"wp","href":"https:\/\/api.w.org\/{rel}","templated":true}]}}