{"id":745,"date":"2020-09-26T07:54:46","date_gmt":"2020-09-26T07:54:46","guid":{"rendered":"http:\/\/www.prisjetimo.covermagazin.com\/?p=745"},"modified":"2024-10-16T08:55:35","modified_gmt":"2024-10-16T08:55:35","slug":"ucite-strane-jezike-europski-dan-jezika","status":"publish","type":"post","link":"https:\/\/www.prisjetimo.covermagazin.com\/?p=745","title":{"rendered":"U\u010dite strane jezike &#8211; Europski dan jezika"},"content":{"rendered":"<h3><a href=\"https:\/\/www.prisjetimo.covermagazin.com\/wp-content\/uploads\/2013\/09\/europski_tjedan_ucenja.jpg\"><img loading=\"lazy\" decoding=\"async\" class=\"alignnone size-full wp-image-1044\" src=\"https:\/\/www.prisjetimo.covermagazin.com\/wp-content\/uploads\/2013\/09\/europski_tjedan_ucenja.jpg\" alt=\"\" width=\"600\" height=\"400\" \/><\/a><\/h3>\n<h3>U\u010dite strane jezike &#8211; Europski dan jezika<\/h3>\n<p>26. rujna obilje\u017eava se europski dan jezika, svake godine, jo\u0161 od 2001. kada je pokrenuta inicijativa obilje\u017eavanja ovakvog dana.<\/p>\n<p>Na ovaj dan stanovnici Europe podsje\u0107aju se kolika je va\u017enost znanja stranih jezika, te ih se ohrabruje da u\u010de strane jezike u vrti\u0107u, \u0161koli i u odrasloj dobi, neovisno o godinama. Znanje stranih jezika omogu\u0107ava svakoj osobi da iza\u0111e iz uskih okvira razmi\u0161ljanja svog naju\u017eeg okru\u017eenja, te pove\u0107ava me\u0111ukulturalno razumijevanje.<\/p>\n<p>Budu\u0107i da je Europa toliko bogata raznoliko\u0161\u0107u jezicima, prava je \u0161teta zaustaviti se na materinskom jeziku te ne poku\u0161ati razumjeti najbli\u017ee susjede i sustanovnike Europe.<\/p>\n<p>Na ovaj dan u mnogim gradovima \u0161irom Europe organiziraju se besplatni te\u010dajevi, radionice i konferencije na temu u\u010denja stranih jezika.<\/p>\n<p>Ukoliko trenutno niste pri novcima i ne mo\u017eete si priu\u0161titi kvalitetan te\u010daj stranog jezika postoje Internet resursi koji vam mogu pomo\u0107i da nau\u010dite bar osnove. Izdvajamo neke:<\/p>\n<p><a href=\"http:\/\/www.goethe-verlag.com\/book2\/HR\/\"><span style=\"text-decoration: underline; color: #000080;\"><strong>http:\/\/www.goethe-verlag.com\/book2\/HR\/<\/strong> <\/span><\/a>&#8211; Stranica na kojoj mo\u017eete nau\u010diti osnove raznih svjetskih jezika, slu\u0161aju\u0107i fraze. Uz svaki jezik mo\u017eete besplatno downloadati mp3 sa 100 fraza svakog jezika s hrvatskim prijevodom, te tako u\u010diti jezik usput, slu\u0161aju\u0107i ga na mobitelu ili MP3 playeru.<\/p>\n<p><a href=\"http:\/\/www.dw.de\/u%C4%8Denje-njema%C4%8Dkog\/te%C4%8Dajevi-njema%C4%8Dkog\/s-3811\"><span style=\"text-decoration: underline; color: #000080;\"><strong>http:\/\/www.dw.de\/u%C4%8Denje-njema%C4%8Dkog\/te%C4%8Dajevi-njema%C4%8Dkog\/s-3811<\/strong> <\/span><\/a>&#8211; DW interaktivni te\u010daj njema\u010dkoj jezika za hrvatske govornike. Vrlo zabavan i op\u0161iran interaktivni te\u010daj.<\/p>\n<p><span style=\"text-decoration: underline; color: #000080;\"><strong><a href=\"http:\/\/www.bbc.co.uk\/languages\"><span style=\"color: #000080; text-decoration: underline;\">http:\/\/www.bbc.co.uk\/languages<\/span><\/a>\/<\/strong> <\/span>&#8211; BBC-jeva stranica na kojoj mo\u017eete nau\u010diti osnove ve\u0107ine europskih i ostalih jezika ukoliko poznajete engleski jezik.<\/p>\n<h3>Op\u0107i ciljevi Europskog dana jezika su:<\/h3>\n<p>&#8211;\u00a0\u00a0 Upozoriti javnost na va\u017enost u\u010denja jezika i raznolikost raspona nau\u010denih jezika kako bi se pove\u0107ala vi\u0161ejezi\u010dnost i me\u0111ukulturalno razumijevanje;<\/p>\n<p>&#8211;\u00a0\u00a0\u00a0\u00a0 Promicati bogatu jezi\u010dnu i kulturnu raznolikost Europe, koje treba njegovati i sa\u010duvati;<\/p>\n<p>&#8211;\u00a0\u00a0\u00a0\u00a0 Poticati cjelo\u017eivotno u\u010denja jezika u \u0161koli i izvan nje, bilo u svrhe \u0161kolovanja, za profesionalne potrebe, za potrebe mobilnosti ili u\u017eitka i razmjene.<\/p>\n<p>Ukoliko se ne mo\u017eete opredijeliti koji strani jezik u\u010diti, u tome vam mo\u017ee pomo\u0107i ovaj \u010dlanak:<\/p>\n<blockquote class=\"wp-embedded-content\" data-secret=\"YdxiFTGv56\"><p><a href=\"https:\/\/covermagazin.com\/?p=20764\">Kako najlak\u0161e u\u010diti strane jezike<\/a><\/p><\/blockquote>\n<p><iframe loading=\"lazy\" class=\"wp-embedded-content\" sandbox=\"allow-scripts\" security=\"restricted\" style=\"position: absolute; visibility: hidden;\" title=\"&#8220;Kako najlak\u0161e u\u010diti strane jezike&#8221; &#8212; COVER magazin.com\" src=\"https:\/\/covermagazin.com\/?p=20764&#038;embed=true#?secret=BnUxTsVlao#?secret=YdxiFTGv56\" data-secret=\"YdxiFTGv56\" width=\"500\" height=\"282\" frameborder=\"0\" marginwidth=\"0\" marginheight=\"0\" scrolling=\"no\"><\/iframe><\/p>\n<blockquote class=\"wp-embedded-content\" data-secret=\"msjLW0cQBR\"><p><a href=\"https:\/\/covermagazin.com\/?p=27445\">Kako najbr\u017ee NAU\u010cITI NJEMA\u010cKI JEZIK KOD KU\u0106E &#8211; \u0161to znanost ka\u017ee<\/a><\/p><\/blockquote>\n<p><iframe loading=\"lazy\" class=\"wp-embedded-content\" sandbox=\"allow-scripts\" security=\"restricted\" style=\"position: absolute; visibility: hidden;\" title=\"&#8220;Kako najbr\u017ee NAU\u010cITI NJEMA\u010cKI JEZIK KOD KU\u0106E &#8211; \u0161to znanost ka\u017ee&#8221; &#8212; COVER magazin.com\" src=\"https:\/\/covermagazin.com\/?p=27445&#038;embed=true#?secret=7HwEzEnXy0#?secret=msjLW0cQBR\" data-secret=\"msjLW0cQBR\" width=\"500\" height=\"282\" frameborder=\"0\" marginwidth=\"0\" marginheight=\"0\" scrolling=\"no\"><\/iframe><\/p>\n","protected":false},"excerpt":{"rendered":"<p>26. rujna obilje\u017eava se europski dan jezika, svake godine&#8230;.<\/p>\n","protected":false},"author":1,"featured_media":0,"comment_status":"open","ping_status":"open","sticky":false,"template":"","format":"standard","meta":{"footnotes":""},"categories":[152,1],"tags":[],"class_list":["post-745","post","type-post","status-publish","format-standard","hentry","category-dani-koje-obiljezavamo","category-prisjetimo_se"],"_links":{"self":[{"href":"https:\/\/www.prisjetimo.covermagazin.com\/index.php?rest_route=\/wp\/v2\/posts\/745","targetHints":{"allow":["GET"]}}],"collection":[{"href":"https:\/\/www.prisjetimo.covermagazin.com\/index.php?rest_route=\/wp\/v2\/posts"}],"about":[{"href":"https:\/\/www.prisjetimo.covermagazin.com\/index.php?rest_route=\/wp\/v2\/types\/post"}],"author":[{"embeddable":true,"href":"https:\/\/www.prisjetimo.covermagazin.com\/index.php?rest_route=\/wp\/v2\/users\/1"}],"replies":[{"embeddable":true,"href":"https:\/\/www.prisjetimo.covermagazin.com\/index.php?rest_route=%2Fwp%2Fv2%2Fcomments&post=745"}],"version-history":[{"count":9,"href":"https:\/\/www.prisjetimo.covermagazin.com\/index.php?rest_route=\/wp\/v2\/posts\/745\/revisions"}],"predecessor-version":[{"id":1046,"href":"https:\/\/www.prisjetimo.covermagazin.com\/index.php?rest_route=\/wp\/v2\/posts\/745\/revisions\/1046"}],"wp:attachment":[{"href":"https:\/\/www.prisjetimo.covermagazin.com\/index.php?rest_route=%2Fwp%2Fv2%2Fmedia&parent=745"}],"wp:term":[{"taxonomy":"category","embeddable":true,"href":"https:\/\/www.prisjetimo.covermagazin.com\/index.php?rest_route=%2Fwp%2Fv2%2Fcategories&post=745"},{"taxonomy":"post_tag","embeddable":true,"href":"https:\/\/www.prisjetimo.covermagazin.com\/index.php?rest_route=%2Fwp%2Fv2%2Ftags&post=745"}],"curies":[{"name":"wp","href":"https:\/\/api.w.org\/{rel}","templated":true}]}}