{"id":754,"date":"2025-01-23T14:07:28","date_gmt":"2025-01-23T14:07:28","guid":{"rendered":"http:\/\/www.prisjetimo.covermagazin.com\/?p=754"},"modified":"2025-01-23T17:10:09","modified_gmt":"2025-01-23T17:10:09","slug":"kad-se-pomice-sat-u-jesen-2013","status":"publish","type":"post","link":"https:\/\/www.prisjetimo.covermagazin.com\/?p=754","title":{"rendered":"Mijenjanje sata:  Kad se mijenja sat u prolje\u0107e 2025?"},"content":{"rendered":"\n<figure class=\"wp-block-image size-full\"><a href=\"https:\/\/www.prisjetimo.covermagazin.com\/wp-content\/uploads\/2013\/10\/Kad-se-mijenja-sat-u-jesen.jpg\"><img loading=\"lazy\" decoding=\"async\" width=\"600\" height=\"400\" src=\"https:\/\/www.prisjetimo.covermagazin.com\/wp-content\/uploads\/2013\/10\/Kad-se-mijenja-sat-u-jesen.jpg\" alt=\"\" class=\"wp-image-1830\" srcset=\"https:\/\/www.prisjetimo.covermagazin.com\/wp-content\/uploads\/2013\/10\/Kad-se-mijenja-sat-u-jesen.jpg 600w, https:\/\/www.prisjetimo.covermagazin.com\/wp-content\/uploads\/2013\/10\/Kad-se-mijenja-sat-u-jesen-300x200.jpg 300w\" sizes=\"auto, (max-width: 600px) 100vw, 600px\" \/><\/a><\/figure>\n\n\n\n<h2 class=\"wp-block-heading\">Mijenjanje sata:  Kad se mijenja sat u prolje\u0107e 2025?<\/h2>\n\n\n\n<p>Ljetno ra\u010dunanje vremena  u 2025. godini zapo\u010dinje pomicanjem jednog sata unaprijed 30. o\u017eujka 2025.<\/p>\n\n\n\n<p>U 2:00 h, 30.03.2025. (nedjelja) kazaljke se pomi\u010du 1 sat unaprijed i ra\u010duna se kao 3:00 h.<\/p>\n\n\n\n<p>Ovo pomicanje sata najavljeno je direktivom&nbsp; Europske Unije iz 2016., a koje vrijedi do daljnjeg, budu\u0107i da se pi\u0161e za nekoliko godina unaprijed, a svake godine usvaja je i Vlada RH na nekoj od svojih sjednica.<\/p>\n\n\n\n<p>Zimsko ra\u010dunanje vremena koje je zapo\u010delo na jesen  zavr\u0161ava u nedjelju 30. o\u017eujka 2025.<\/p>\n\n\n\n<p>Dakle, ako se \u017eelite u nedjelju 30. o\u017eujka 2025. probuditi ujutro po to\u010dnom satu, pomaknite prije odlaska u krevet, sve satove koji se automatski ne a\u017euriraju, sat unaprijed.<\/p>\n\n\n\n<p>Ve\u0107ina satova na ure\u0111ajima spojenim na Internet ili neku be\u017ei\u010dnu mre\u017eu pomaknut \u0107e se sama, pa se ne morate brinuti oko pomicanja satova na ra\u010dunalima, u automobilima ili pametnim telefonima.<\/p>\n\n\n\n<p>Pomicanje sata, bilo unaprijed ili unatrag mo\u017ee uzurpirati va\u0161 san, te izazvati poreme\u0107aje u va\u0161em tijelu. Satovi se mo\u017eda mijenjaju za samo sat vremena, ali i takva promjena mo\u017ee imati veliki utjecaj na va\u0161 dan, va\u0161e navike, ali i na va\u0161e zdravlje.<\/p>\n\n\n\n<p>To je zato \u0161to ta promjena uzrokuje fazni pomak na\u0161eg <a href=\"https:\/\/covermagazin.com\/bioritam1.php\">bioritma<\/a>, unutarnjeg sata tijela, i pogor\u0161ava kroni\u010dni nedostatak sna.<\/p>\n\n\n\n<h3 class=\"wp-block-heading\">Utjecaj pomicanja sata na zdravlje<\/h3>\n\n\n\n<p>Dok su u\u010dinci posebno vidljivi u prolje\u0107e &#8211; kada se ljudi suo\u010davaju s ve\u0107im rizikom od sr\u010danog i mo\u017edanog udara u danima nakon gubitka jednog sata sna &#8211; dobivanje dodatnog sata u studenom tako\u0111er je povezano s gubitkom sna, kao i promjenama raspolo\u017eenja. Obi\u010dno mislimo kako \u0107emo pomaknemo li sat unatrag spavati du\u017ee sat vremena, me\u0111utim, to nije to\u010dno, jer bilo da du\u017ee ili kra\u0107e traje no\u0107, svaka promjena mo\u017ee uzurpirati i poremetiti san.<\/p>\n\n\n\n<p>Neka istra\u017eivanja su pokazala sa ljudi osje\u0107aju vi\u0161e stresa, pa je tako na primjer vi\u0161e prometnih nesre\u0107a nakon obje promjene vremena, bilo u prolje\u0107e, kada no\u0107 traje sat kra\u0107e ili u jesen, kada dobivamo dodatni sat u odnosu na dan ranije.<\/p>\n\n\n\n<p>Kako bi prilagodba bila lak\u0161a, stru\u010dnjaci preporu\u010duju odlazak u krevet malo kasnije u danima koji prethode promjeni kako biste se pripremili i poku\u0161ali uzeti vi\u0161e sunca dok ste budni.<\/p>\n\n\n\n<p>\u0160to god mislili o pomicanju satova, korisno je informirati se tome za\u0161to to radimo svake godine, jer kada znamo razloge zbog kojih se ne\u0161to radi, lak\u0161e i mirnije \u0107emo to prihvatiti, te \u0107e ostaviti manje negativnih posljedica na nas i na\u0161e zdravlje.<\/p>\n\n\n\n<h3 class=\"wp-block-heading\">Savjeti za smanjenje zdravstvenih u\u010dinaka pomicanja sata<\/h3>\n\n\n\n<p>Negativne u\u010dinke prestanka zimskog ra\u010dunanja vremena na zdravlje mo\u017eete smanjiti tako da malo prilagodite svoju rutinu.<\/p>\n\n\n\n<p><strong>Prije pomicanja sata<\/strong><\/p>\n\n\n\n<ul class=\"wp-block-list\">\n<li>Preispitajte vrijeme spavanja i bu\u0111enja. Razmislite o svojim navikama i dnevnoj rutini. poku\u0161ajte bar dan, ako ne i nekoliko dana prije pomicanja sata i\u0107i na spavanje ne\u0161to kasnije i bolje organizirati ve\u010deri.<\/li>\n\n\n\n<li>Razmislite i o ostalim uku\u0107anima posebno djeci. Za djecu je bitno da se mogu probuditi i ostati dovoljno koncentrirana u \u0161koli. Prona\u0111ite na\u010din kako da i njih postupno prilagodite za promjenu.<\/li>\n<\/ul>\n\n\n\n<p><strong>Nakon pomicanja sata<\/strong><\/p>\n\n\n\n<ul class=\"wp-block-list\">\n<li>Iza\u0111ite na sunce i poti\u010dite boravak na otvorenom. Zavr\u0161etak ljetnog ra\u010dunanja vremena zna\u010di da \u0107e biti vi\u0161e sati obasjanih suncem kada ste budni, pa poku\u0161ajte uzeti \u0161to vi\u0161e sunca tijekom svojih budnih sati. Nevjerojatno je koliko je boravak na otvorenom bitan za dobrobit i zdravlje. Prona\u0111ite neku pauzu tijekom radnog vremena kada \u0107ete iza\u0107i van i upijati zrake sunca.<\/li>\n\n\n\n<li>Osigurajte uvjete da mo\u017eete spavati kvalitetno i redovito. Tijekom cijele godine va\u017eno je dati prednost kvalitetnom snu s praksama kao \u0161to su ograni\u010davanje ekrana prije spavanja, dosljedno vrijeme spavanja, redovita tjelesna aktivnost, te dovoljno boravka na otvorenom.<\/li>\n<\/ul>\n\n\n\n<p>-Budite oprezni u vo\u017enji i ako se bavite nekim preciznim poslovima: Gubitak jednog sata sna pove\u0107ava broj prometnih nesre\u0107a diljem zemlje, stoga budite posebno oprezni za volanom u danima nakon promjene vremena, te u drugim poslovima koji zahtijevaju precizan rad i koncentraciju.<\/p>\n\n\n\n<p><strong>Vezano:<\/strong><\/p>\n\n\n\n<p><a href=\"https:\/\/www.prisjetimo.covermagazin.com\/?p=1264\">Kad se pomi\u010de sat?  <\/a><\/p>\n\n\n\n<p><a href=\"https:\/\/www.prisjetimo.covermagazin.com\/?p=1512\">Ra\u010dunanje vremena 2025.  <\/a><\/p>\n","protected":false},"excerpt":{"rendered":"<p>Mijenjanje sata: Kad se mijenja sat u prolje\u0107e 2025? Ljetno ra\u010dunanje vremena u 2025. godini zapo\u010dinje pomicanjem jednog sata unaprijed 30. o\u017eujka 2025. U 2:00 h, 30.03.2025. (nedjelja) kazaljke se pomi\u010du 1 sat unaprijed i ra\u010duna se kao 3:00 h. Ovo pomicanje sata najavljeno je direktivom&nbsp; Europske Unije iz 2016., a koje vrijedi do daljnjeg, [&hellip;]<\/p>\n","protected":false},"author":1,"featured_media":1830,"comment_status":"open","ping_status":"open","sticky":false,"template":"","format":"standard","meta":{"footnotes":""},"categories":[150,1],"tags":[],"class_list":["post-754","post","type-post","status-publish","format-standard","has-post-thumbnail","hentry","category-pomicanje-sata","category-prisjetimo_se"],"_links":{"self":[{"href":"https:\/\/www.prisjetimo.covermagazin.com\/index.php?rest_route=\/wp\/v2\/posts\/754","targetHints":{"allow":["GET"]}}],"collection":[{"href":"https:\/\/www.prisjetimo.covermagazin.com\/index.php?rest_route=\/wp\/v2\/posts"}],"about":[{"href":"https:\/\/www.prisjetimo.covermagazin.com\/index.php?rest_route=\/wp\/v2\/types\/post"}],"author":[{"embeddable":true,"href":"https:\/\/www.prisjetimo.covermagazin.com\/index.php?rest_route=\/wp\/v2\/users\/1"}],"replies":[{"embeddable":true,"href":"https:\/\/www.prisjetimo.covermagazin.com\/index.php?rest_route=%2Fwp%2Fv2%2Fcomments&post=754"}],"version-history":[{"count":8,"href":"https:\/\/www.prisjetimo.covermagazin.com\/index.php?rest_route=\/wp\/v2\/posts\/754\/revisions"}],"predecessor-version":[{"id":2049,"href":"https:\/\/www.prisjetimo.covermagazin.com\/index.php?rest_route=\/wp\/v2\/posts\/754\/revisions\/2049"}],"wp:featuredmedia":[{"embeddable":true,"href":"https:\/\/www.prisjetimo.covermagazin.com\/index.php?rest_route=\/wp\/v2\/media\/1830"}],"wp:attachment":[{"href":"https:\/\/www.prisjetimo.covermagazin.com\/index.php?rest_route=%2Fwp%2Fv2%2Fmedia&parent=754"}],"wp:term":[{"taxonomy":"category","embeddable":true,"href":"https:\/\/www.prisjetimo.covermagazin.com\/index.php?rest_route=%2Fwp%2Fv2%2Fcategories&post=754"},{"taxonomy":"post_tag","embeddable":true,"href":"https:\/\/www.prisjetimo.covermagazin.com\/index.php?rest_route=%2Fwp%2Fv2%2Ftags&post=754"}],"curies":[{"name":"wp","href":"https:\/\/api.w.org\/{rel}","templated":true}]}}