{"id":79,"date":"2010-01-11T13:01:45","date_gmt":"2010-01-11T12:01:45","guid":{"rendered":"http:\/\/znanost.covermagazin.com\/?p=79"},"modified":"2010-01-11T13:01:45","modified_gmt":"2010-01-11T12:01:45","slug":"u-sljedecem-stoljecu-izumrijet-ce-vecina-jezika-i-ostati-samo-oni-univerzalni","status":"publish","type":"post","link":"https:\/\/www.prisjetimo.covermagazin.com\/?p=79","title":{"rendered":"U sljede\u0107em stolje\u0107u izumrijet \u0107e ve\u0107ina jezika i ostati samo oni univerzalni"},"content":{"rendered":"<p>Prema lingvistu Johnu McWorther u slijede\u0107em stolje\u0107u broj \u017eivih jezika \u0107e se smanjiti sa 6 tisu\u0107a na 600.<\/p>\n<p>Prema njegovom poja\u0161njenju zbog globalizacije, ali i procesa koji govornicima univerzalnih jezika dodjeljuje ekonomske i zdravstvene povlastice do\u0107i \u0107e do izumiranja oko 90 posto trenutno \u017eivu\u0107ih jezika.<\/p>\n<p>Johnu McWorther ka\u017ee kako kroz potragu za boljim \u017eivotom pojedinci se integriraju u globalno dru\u0161tvo i u\u010de poznatije jezike, pa je sasvim normalno da njihovi potomci bolje govore novonau\u010denim jezikom. McWorther smatra kako je va\u017eno o\u010duvati jezike koji izumiru, ali samo kao uspomenu jer \u0107e prema njemu imati samo estetsku funkciju.<\/p>\n","protected":false},"excerpt":{"rendered":"<p>Prema lingvistu Johnu McWorther u slijede\u0107em stolje\u0107u broj \u017eivih jezika \u0107e se smanjiti sa 6 tisu\u0107a na 600. <\/p>\n","protected":false},"author":2,"featured_media":0,"comment_status":"open","ping_status":"open","sticky":false,"template":"","format":"standard","meta":{"footnotes":""},"categories":[135],"tags":[],"class_list":["post-79","post","type-post","status-publish","format-standard","hentry","category-novosti"],"_links":{"self":[{"href":"https:\/\/www.prisjetimo.covermagazin.com\/index.php?rest_route=\/wp\/v2\/posts\/79","targetHints":{"allow":["GET"]}}],"collection":[{"href":"https:\/\/www.prisjetimo.covermagazin.com\/index.php?rest_route=\/wp\/v2\/posts"}],"about":[{"href":"https:\/\/www.prisjetimo.covermagazin.com\/index.php?rest_route=\/wp\/v2\/types\/post"}],"author":[{"embeddable":true,"href":"https:\/\/www.prisjetimo.covermagazin.com\/index.php?rest_route=\/wp\/v2\/users\/2"}],"replies":[{"embeddable":true,"href":"https:\/\/www.prisjetimo.covermagazin.com\/index.php?rest_route=%2Fwp%2Fv2%2Fcomments&post=79"}],"version-history":[{"count":0,"href":"https:\/\/www.prisjetimo.covermagazin.com\/index.php?rest_route=\/wp\/v2\/posts\/79\/revisions"}],"wp:attachment":[{"href":"https:\/\/www.prisjetimo.covermagazin.com\/index.php?rest_route=%2Fwp%2Fv2%2Fmedia&parent=79"}],"wp:term":[{"taxonomy":"category","embeddable":true,"href":"https:\/\/www.prisjetimo.covermagazin.com\/index.php?rest_route=%2Fwp%2Fv2%2Fcategories&post=79"},{"taxonomy":"post_tag","embeddable":true,"href":"https:\/\/www.prisjetimo.covermagazin.com\/index.php?rest_route=%2Fwp%2Fv2%2Ftags&post=79"}],"curies":[{"name":"wp","href":"https:\/\/api.w.org\/{rel}","templated":true}]}}